{"id":24936,"date":"2023-11-16T15:27:00","date_gmt":"2023-11-16T18:27:00","guid":{"rendered":"https:\/\/www.esportesbrasilia.com.br\/noticias\/?p=24936"},"modified":"2023-11-16T15:27:00","modified_gmt":"2023-11-16T18:27:00","slug":"aberto-da-republica-traz-estrelas-do-tenis-a-capital-federal","status":"publish","type":"post","link":"https:\/\/www.esportesbrasilia.com.br\/noticias\/outros\/aberto-da-republica-traz-estrelas-do-tenis-a-capital-federal.html","title":{"rendered":"Aberto da Rep\u00fablica traz estrelas do t\u00eanis \u00e0 capital federal"},"content":{"rendered":"\n<p><em>ATP Challenger 100 recebe o apoio da Secretaria de Esporte e Lazer e contar\u00e1 com a participa\u00e7\u00e3o de tenistas da Bol\u00edvia, Col\u00f4mbia, Estados Unidos, It\u00e1lia e Cazaquist\u00e3o<\/em><\/p>\n\n\n\n<p>Fechando o calend\u00e1rio de torneios profissionais de t\u00eanis apoiados pela Secretaria de Esporte e Lazer do DF (SEL), a capital federal recebe entre os dias 20 e 26 deste m\u00eas o Aberto da Rep\u00fablica \u2013 ATP Challenger 100. O evento ser\u00e1 realizado na Arena BRB, com entrada gratuita. A Secretaria de Esporte e Lazer investiu R$ 1,9 milh\u00e3o na realiza\u00e7\u00e3o do torneio.<\/p>\n\n\n\n<p>A Associa\u00e7\u00e3o dos Tenistas Profissionais (ATP) divulgou a lista de inscritos, que conta com tr\u00eas integrantes do top 100: o argentino Federico Coria e os chilenos Cristian Garin e Tomas Barrios Vera. Entre os brasileiros, h\u00e1 presen\u00e7a confirmada do cearense Thiago Monteiro, n\u00famero 2 do pa\u00eds, e do paulista Gustavo Heide, medalha de ouro nas duplas masculinas dos Jogos Pan-Americanos de Santiago. Completam a lista de inscritos tenistas da Bol\u00edvia, da Col\u00f4mbia, dos Estados Unidos, da It\u00e1lia e do Cazaquist\u00e3o.<\/p>\n\n\n\n<p>O secret\u00e1rio substituto de Esporte e Lazer, Renato Junqueira, refor\u00e7a o compromisso da pasta em continuar prospectando eventos esportivos de grande porte para a cidade. \u201cPara n\u00f3s \u00e9 uma alegria consolidar Bras\u00edlia como a capital do t\u00eanis. Temos tido retornos positivos que s\u00e3o resultados de todo esse apoio no que diz sentido \u00e0 dissemina\u00e7\u00e3o da modalidade aqui na cidade\u201d, destaca.<\/p>\n\n\n\n<p><strong>Programa\u00e7\u00e3o<\/strong><\/p>\n\n\n\n<p>De segunda a sexta, os jogos ser\u00e3o disputados entre as 10h e as 20h; s\u00e1bado, das 10h \u00e0s 16h; e, no domingo, das 10h \u00e0s 13h. O ATP Challenger \u00e9 uma realiza\u00e7\u00e3o da Confedera\u00e7\u00e3o Brasileira de T\u00eanis com patroc\u00ednio do BRB e da Engie Brasil Energia.<\/p>\n\n\n\n<p>Confira a lista de inscritos para o Aberto da Rep\u00fablica \u2013 ATP Challenger 100<\/p>\n\n\n\n<p>\u2192 Federico Coria (ARG) \u2013 78\u00ba<\/p>\n\n\n\n<p>\u2192 Cristian Garin (CHI) \u2013 86\u00ba<\/p>\n\n\n\n<p>\u2192 Daniel Elahi Galan (COL) \u2013 96\u00ba<\/p>\n\n\n\n<p>\u2192 Tomas Barrios Vera (CHI) \u2013 104\u00ba<\/p>\n\n\n\n<p>\u2192 Aleksandar Kovacevic (USA) \u2013 109\u00ba<\/p>\n\n\n\n<p>\u2192 Hugo Dellien (BOL) \u2013 115\u00ba<\/p>\n\n\n\n<p>\u2192 Juan Manuel Cerundolo (ARG) \u2013 116\u00ba<\/p>\n\n\n\n<p>\u2192 Thiago Agustin Tirante (ARG) \u2013 120\u00ba<\/p>\n\n\n\n<p>\u2192 Francisco Comensana (ARG) \u2013 123\u00ba<\/p>\n\n\n\n<p>\u2192 Thiago Monteiro (BRA) \u2013 127\u00ba<\/p>\n\n\n\n<p>\u2192 Mariano Navone (ARG) \u2013 129\u00ba<\/p>\n\n\n\n<p>\u2192 Luciano Darderi (ITA) \u2013 140\u00ba<\/p>\n\n\n\n<p>\u2192 Alberto Genaro Olivieri (ARG) \u2013 142\u00ba<\/p>\n\n\n\n<p>\u2192 Camilo Ugo Carabelli (ARG) \u2013 153\u00ba<\/p>\n\n\n\n<p>\u2192 Nicolas Moreno de Alboran (USA) \u2013 155\u00ba<\/p>\n\n\n\n<p>\u2192 Guido Andreozzi (ARG) \u2013 189\u00ba<\/p>\n\n\n\n<p>\u2192 Oliver Crawford (USA) \u2013 196\u00ba<\/p>\n\n\n\n<p>\u2192 Facundo Bagnis (ARG) \u2013 199\u00ba<\/p>\n\n\n\n<p>\u2192 Roman Andres Burruchaga (ARG) \u2013 243\u00ba<\/p>\n\n\n\n<p>\u2192 Beibit Zhukayev (KAZ) \u2013 247\u00ba<\/p>\n\n\n\n<p>\u2192 Gustavo Heide (BRA) \u2013 250\u00ba<\/p>\n","protected":false},"excerpt":{"rendered":"<p>ATP Challenger 100 recebe o apoio da Secretaria de Esporte e Lazer e contar\u00e1 com a participa\u00e7\u00e3o de tenistas da Bol\u00edvia, Col\u00f4mbia, Estados Unidos, It\u00e1lia e Cazaquist\u00e3o Fechando o calend\u00e1rio de torneios profissionais de t\u00eanis apoiados pela Secretaria de Esporte e Lazer do DF (SEL), a capital federal recebe entre os dias 20 e 26 [&hellip;]<\/p>\n","protected":false},"author":52,"featured_media":24937,"comment_status":"closed","ping_status":"closed","sticky":false,"template":"","format":"standard","meta":{"footnotes":""},"categories":[2],"tags":[],"class_list":["post-24936","post","type-post","status-publish","format-standard","has-post-thumbnail","hentry","category-outros"],"_links":{"self":[{"href":"https:\/\/www.esportesbrasilia.com.br\/noticias\/wp-json\/wp\/v2\/posts\/24936","targetHints":{"allow":["GET"]}}],"collection":[{"href":"https:\/\/www.esportesbrasilia.com.br\/noticias\/wp-json\/wp\/v2\/posts"}],"about":[{"href":"https:\/\/www.esportesbrasilia.com.br\/noticias\/wp-json\/wp\/v2\/types\/post"}],"author":[{"embeddable":true,"href":"https:\/\/www.esportesbrasilia.com.br\/noticias\/wp-json\/wp\/v2\/users\/52"}],"replies":[{"embeddable":true,"href":"https:\/\/www.esportesbrasilia.com.br\/noticias\/wp-json\/wp\/v2\/comments?post=24936"}],"version-history":[{"count":1,"href":"https:\/\/www.esportesbrasilia.com.br\/noticias\/wp-json\/wp\/v2\/posts\/24936\/revisions"}],"predecessor-version":[{"id":24938,"href":"https:\/\/www.esportesbrasilia.com.br\/noticias\/wp-json\/wp\/v2\/posts\/24936\/revisions\/24938"}],"wp:featuredmedia":[{"embeddable":true,"href":"https:\/\/www.esportesbrasilia.com.br\/noticias\/wp-json\/wp\/v2\/media\/24937"}],"wp:attachment":[{"href":"https:\/\/www.esportesbrasilia.com.br\/noticias\/wp-json\/wp\/v2\/media?parent=24936"}],"wp:term":[{"taxonomy":"category","embeddable":true,"href":"https:\/\/www.esportesbrasilia.com.br\/noticias\/wp-json\/wp\/v2\/categories?post=24936"},{"taxonomy":"post_tag","embeddable":true,"href":"https:\/\/www.esportesbrasilia.com.br\/noticias\/wp-json\/wp\/v2\/tags?post=24936"}],"curies":[{"name":"wp","href":"https:\/\/api.w.org\/{rel}","templated":true}]}}