{"id":24907,"date":"2023-11-10T11:24:47","date_gmt":"2023-11-10T14:24:47","guid":{"rendered":"https:\/\/www.esportesbrasilia.com.br\/noticias\/?p=24907"},"modified":"2023-11-10T11:24:47","modified_gmt":"2023-11-10T14:24:47","slug":"brasilia-recebe-o-campeonato-brasileiro-de-vela-adaptada","status":"publish","type":"post","link":"https:\/\/www.esportesbrasilia.com.br\/noticias\/outros\/brasilia-recebe-o-campeonato-brasileiro-de-vela-adaptada.html","title":{"rendered":"Bras\u00edlia recebe o Campeonato Brasileiro de Vela Adaptada"},"content":{"rendered":"\n<p><em>Com apoio do Programa Nacional de Paradesporto da CBVela, competi\u00e7\u00e3o ser\u00e1 disputada entre os dias 11 e 12 de novembro, no Distrito Federal<\/em><\/p>\n\n\n\n<p>Ap\u00f3s o ICB &#8211; Iate Clube de Bras\u00edlia realizar o Campeonato de Vela Adaptada, no \u00faltimo final de semana (4 e 5 de novembro), o clube anunciou as regatas do Brasileiro de Vela Adaptada. Com apoio do Programa Nacional de Paradesporto, da CBVela &#8211; Confedera\u00e7\u00e3o Brasileira de Vela, a competi\u00e7\u00e3o nacional ter\u00e1 as classes 2.4 e Skud e ser\u00e1 realizada nos dias 11 e 12 de novembro, no Distrito Federal.<\/p>\n\n\n\n<p>Mesmo com vento fraco, o t\u00edtulo do Campeonato de Vela Adaptada foi assegurado por Herivelton Anast\u00e1cio, enquanto a medalha de prata ficou com Ant\u00f4nio do Carmo e o bronze foi celebrado por Fabr\u00edcio Marques. Ap\u00f3s as cinco regatas, os atletas mudaram seu foco para o Brasileiro.<\/p>\n\n\n\n<p>Herivelton tentar\u00e1 o segundo trof\u00e9u na raia do Distrito Federal. O velejador \u00e9 professor infantil da classe Optimist, que ingressa crian\u00e7as na vela, e tamb\u00e9m busca dividir seu tempo para competir.<\/p>\n\n\n\n<p>\u201c\u00c9 uma rotina bem movimentada! Cinco vezes por semana realizo os treinos e aulas de Optimist. Busco sempre um tempinho para velejar e o campeonato do \u00faltimo final de semana foi muito bom. Mesmo com vento fraco, consegui velejar bem! Na primeira regata cheguei na terceira coloca\u00e7\u00e3o, mas o restante liderei e fui campe\u00e3o&#8221;, explicou Herivelton, atleta da Vela Adaptada.<\/p>\n\n\n\n<p>\u201cS\u00e3o competi\u00e7\u00f5es fundamentais para a vela adaptada! J\u00e1 estamos nos preparativos para o Brasileiro e particularmente fico observando o vento na raia de competi\u00e7\u00e3o todos os dias. As regatas ser\u00e3o de alto n\u00edvel, com presen\u00e7a do Luiz C\u00e9sar Farias, que competiu em Pequim 2008, e meu amigo de equipe Ant\u00f4nio Marcos, que esteve comigo na Rio 2016. A Ana Paula Marques, campe\u00e3 Mundial, tamb\u00e9m estar\u00e1 competindo! Ent\u00e3o a expectativa para velejar s\u00f3 aumenta e a busca pelo t\u00edtulo ser\u00e1 forte!&#8221;, afirmou.<\/p>\n\n\n\n<p>O Brasileiro de Vela Adaptada ser\u00e1 aberto para os velejadores PCD das classes 2.4mr (1 tripulante) e da classe SKUD (2 tripulantes).<\/p>\n\n\n\n<p>&#8221;A vela adaptada \u00e9 uma das prioridades da CBVela na nossa gest\u00e3o. Cada vez mais buscando profissionais qualificados, n\u00f3s treinamos pessoas para que estejam atualizadas a esse universo.O apoio do Programa Nacional de Paradesporto e da CBVela mostra o comprometimento em impulsionar esse esporte inclusivo\u201d, finalizou Marco Aur\u00e9lio de S\u00e1 Ribeiro, Presidente da CBVela.<\/p>\n\n\n\n<p>As inscri\u00e7\u00f5es ser\u00e3o feitas online pelos canais oficiais do Iate Clube de Bras\u00edlia: 61-993084961 e <a href=\"mailto:nautica.iate@iatebsb.com.br\">nautica.iate@iatebsb.com.br<\/a>.<\/p>\n\n\n\n<p><strong>Sobre a CBVela<\/strong><\/p>\n\n\n\n<p>A Confedera\u00e7\u00e3o Brasileira de Vela (CBVela) \u00e9 a representante oficial da vela esportiva do pa\u00eds nos \u00e2mbitos nacional e internacional. \u00c9 filiada \u00e0 Federa\u00e7\u00e3o Internacional de Vela (World Sailing) e ao Comit\u00ea Ol\u00edmpico Brasileiro (COB).<\/p>\n\n\n\n<p>A vela \u00e9 a modalidade com o maior n\u00famero de medalhas de ouro ol\u00edmpicas na hist\u00f3ria do esporte do Brasil: oito. Ao todo, os velejadores brasileiros j\u00e1 conquistaram 19 medalhas em Jogos Ol\u00edmpicos.<\/p>\n\n\n\n<p>A CBVela foi a primeira confedera\u00e7\u00e3o esportiva brasileira a integrar a Rede Brasil do Pacto Global da ONU e a incorporar a agenda global da sustentabilidade &#8211; a Agenda 2030, com seus 17 Objetivos de Desenvolvimento Sustent\u00e1vel (ODS) &#8211; ao seu planejamento estrat\u00e9gico.<\/p>\n","protected":false},"excerpt":{"rendered":"<p>Com apoio do Programa Nacional de Paradesporto da CBVela, competi\u00e7\u00e3o ser\u00e1 disputada entre os dias 11 e 12 de novembro, no Distrito Federal Ap\u00f3s o ICB &#8211; Iate Clube de Bras\u00edlia realizar o Campeonato de Vela Adaptada, no \u00faltimo final de semana (4 e 5 de novembro), o clube anunciou as regatas do Brasileiro de [&hellip;]<\/p>\n","protected":false},"author":52,"featured_media":24908,"comment_status":"closed","ping_status":"closed","sticky":false,"template":"","format":"standard","meta":{"footnotes":""},"categories":[2],"tags":[],"class_list":["post-24907","post","type-post","status-publish","format-standard","has-post-thumbnail","hentry","category-outros"],"_links":{"self":[{"href":"https:\/\/www.esportesbrasilia.com.br\/noticias\/wp-json\/wp\/v2\/posts\/24907","targetHints":{"allow":["GET"]}}],"collection":[{"href":"https:\/\/www.esportesbrasilia.com.br\/noticias\/wp-json\/wp\/v2\/posts"}],"about":[{"href":"https:\/\/www.esportesbrasilia.com.br\/noticias\/wp-json\/wp\/v2\/types\/post"}],"author":[{"embeddable":true,"href":"https:\/\/www.esportesbrasilia.com.br\/noticias\/wp-json\/wp\/v2\/users\/52"}],"replies":[{"embeddable":true,"href":"https:\/\/www.esportesbrasilia.com.br\/noticias\/wp-json\/wp\/v2\/comments?post=24907"}],"version-history":[{"count":1,"href":"https:\/\/www.esportesbrasilia.com.br\/noticias\/wp-json\/wp\/v2\/posts\/24907\/revisions"}],"predecessor-version":[{"id":24909,"href":"https:\/\/www.esportesbrasilia.com.br\/noticias\/wp-json\/wp\/v2\/posts\/24907\/revisions\/24909"}],"wp:featuredmedia":[{"embeddable":true,"href":"https:\/\/www.esportesbrasilia.com.br\/noticias\/wp-json\/wp\/v2\/media\/24908"}],"wp:attachment":[{"href":"https:\/\/www.esportesbrasilia.com.br\/noticias\/wp-json\/wp\/v2\/media?parent=24907"}],"wp:term":[{"taxonomy":"category","embeddable":true,"href":"https:\/\/www.esportesbrasilia.com.br\/noticias\/wp-json\/wp\/v2\/categories?post=24907"},{"taxonomy":"post_tag","embeddable":true,"href":"https:\/\/www.esportesbrasilia.com.br\/noticias\/wp-json\/wp\/v2\/tags?post=24907"}],"curies":[{"name":"wp","href":"https:\/\/api.w.org\/{rel}","templated":true}]}}