{"id":24894,"date":"2023-11-09T10:54:17","date_gmt":"2023-11-09T13:54:17","guid":{"rendered":"https:\/\/www.esportesbrasilia.com.br\/noticias\/?p=24894"},"modified":"2023-11-09T10:54:17","modified_gmt":"2023-11-09T13:54:17","slug":"brasilia-volei-estreia-na-superliga-feminina","status":"publish","type":"post","link":"https:\/\/www.esportesbrasilia.com.br\/noticias\/volei\/brasilia-volei-estreia-na-superliga-feminina.html","title":{"rendered":"Bras\u00edlia V\u00f4lei estreia na Superliga Feminina"},"content":{"rendered":"\n<p><em>Time candango vem de p\u00f3dios na pr\u00e9-temporada<\/em><\/p>\n\n\n\n<p>Renovado, o Bras\u00edlia V\u00f4lei estreia nesta quinta-feira (9) na Superliga de V\u00f4lei Feminino. O time do Distrito Federal encara o embalado Osasco S\u00e3o Crist\u00f3v\u00e3o Sa\u00fade faz a partir das 17 horas, no Gin\u00e1sio do Sesi Taguatinga Norte.<\/p>\n\n\n\n<p>A principal novidade pelo lado candango \u00e9 o treinador Angelo Vercesi. Durante a pr\u00e9-temporada o Bras\u00edlia V\u00f4lei foi vice-campe\u00e3o na Copa Bras\u00edlia e terceiro colocado no Campeonato Mineiro, onde participou como convidado.<\/p>\n\n\n\n<p>J\u00e1 a equipe De S\u00e3o Paulo, comandada pelo t\u00e9cnico Luizomar, conquistou seu 17\u00b0 t\u00edtulo do Campeonato Paulista, dessa vez de forma invicta. Nesta tarde, o time busca a 13\u00aa vit\u00f3ria consecutiva na temporada.<\/p>\n\n\n\n<p>Em quadra, os destaques s\u00e3o a l\u00edbero Camila Brait, a central Fabiana e a ponteira Tifanny. Entre as novidades, duas norte-americanas: as centrais Callie Schwarzenbach e Brionne Butler. Outras estreantes nesta Superliga com a camisa do Osasco s\u00e3o a central Geovana Vit\u00f3ria, as ponteiras Maira, Mayara e Amanda, al\u00e9m da oposta Lorenne, que retorna ao clube.<\/p>\n\n\n\n<p>Os ingressos s\u00e3o vendidos no site Ticket F\u00e1cil. A inteira custa R$ 40 e a meia-entrada solid\u00e1ria custa R$ 20 mediante doa\u00e7\u00e3o de 1kg de alimento n\u00e3o perec\u00edvel, exceto sal.<\/p>\n","protected":false},"excerpt":{"rendered":"<p>Time candango vem de p\u00f3dios na pr\u00e9-temporada Renovado, o Bras\u00edlia V\u00f4lei estreia nesta quinta-feira (9) na Superliga de V\u00f4lei Feminino. O time do Distrito Federal encara o embalado Osasco S\u00e3o Crist\u00f3v\u00e3o Sa\u00fade faz a partir das 17 horas, no Gin\u00e1sio do Sesi Taguatinga Norte. A principal novidade pelo lado candango \u00e9 o treinador Angelo Vercesi. [&hellip;]<\/p>\n","protected":false},"author":52,"featured_media":24895,"comment_status":"closed","ping_status":"closed","sticky":false,"template":"","format":"standard","meta":{"footnotes":""},"categories":[11],"tags":[],"class_list":["post-24894","post","type-post","status-publish","format-standard","has-post-thumbnail","hentry","category-volei"],"_links":{"self":[{"href":"https:\/\/www.esportesbrasilia.com.br\/noticias\/wp-json\/wp\/v2\/posts\/24894","targetHints":{"allow":["GET"]}}],"collection":[{"href":"https:\/\/www.esportesbrasilia.com.br\/noticias\/wp-json\/wp\/v2\/posts"}],"about":[{"href":"https:\/\/www.esportesbrasilia.com.br\/noticias\/wp-json\/wp\/v2\/types\/post"}],"author":[{"embeddable":true,"href":"https:\/\/www.esportesbrasilia.com.br\/noticias\/wp-json\/wp\/v2\/users\/52"}],"replies":[{"embeddable":true,"href":"https:\/\/www.esportesbrasilia.com.br\/noticias\/wp-json\/wp\/v2\/comments?post=24894"}],"version-history":[{"count":1,"href":"https:\/\/www.esportesbrasilia.com.br\/noticias\/wp-json\/wp\/v2\/posts\/24894\/revisions"}],"predecessor-version":[{"id":24896,"href":"https:\/\/www.esportesbrasilia.com.br\/noticias\/wp-json\/wp\/v2\/posts\/24894\/revisions\/24896"}],"wp:featuredmedia":[{"embeddable":true,"href":"https:\/\/www.esportesbrasilia.com.br\/noticias\/wp-json\/wp\/v2\/media\/24895"}],"wp:attachment":[{"href":"https:\/\/www.esportesbrasilia.com.br\/noticias\/wp-json\/wp\/v2\/media?parent=24894"}],"wp:term":[{"taxonomy":"category","embeddable":true,"href":"https:\/\/www.esportesbrasilia.com.br\/noticias\/wp-json\/wp\/v2\/categories?post=24894"},{"taxonomy":"post_tag","embeddable":true,"href":"https:\/\/www.esportesbrasilia.com.br\/noticias\/wp-json\/wp\/v2\/tags?post=24894"}],"curies":[{"name":"wp","href":"https:\/\/api.w.org\/{rel}","templated":true}]}}