{"id":24880,"date":"2023-11-07T16:20:00","date_gmt":"2023-11-07T19:20:00","guid":{"rendered":"https:\/\/www.esportesbrasilia.com.br\/noticias\/?p=24880"},"modified":"2023-11-08T00:23:35","modified_gmt":"2023-11-08T03:23:35","slug":"selecao-brasileira-de-tenis-treina-em-brasilia-para-o-billie-jean-king-cup","status":"publish","type":"post","link":"https:\/\/www.esportesbrasilia.com.br\/noticias\/outros\/selecao-brasileira-de-tenis-treina-em-brasilia-para-o-billie-jean-king-cup.html","title":{"rendered":"Sele\u00e7\u00e3o brasileira de t\u00eanis treina em Bras\u00edlia para o Billie Jean King Cup"},"content":{"rendered":"\n<p><strong>Foto: Luiz C\u00e2ndido\/CBT<\/strong><\/p>\n\n\n\n<p>A sele\u00e7\u00e3o brasileira de t\u00eanis come\u00e7ou os treinamentos na \u00faltima segunda-feira (06), em Bras\u00edlia, voltando a prepara\u00e7\u00e3o aos playoffs do Billie Jean King Cup, que acontecer\u00e1 na capital federal nos dias 10 e 11 de novembro, na Arena BRB Man\u00e9 Garrincha.<\/p>\n\n\n\n<p>O elenco treinou no Iate Clube, com presen\u00e7a da torcida que veio acompanhar jogadoras da sele\u00e7\u00e3o, entre elas a Beatriz Haddad Maia, Carolina Meligeni, Ingrid Martins, Laura Pigossi e Luisa Stefani, al\u00e9m das juvenis Isabeli Andreola e Paola Dalm\u00f4nico.<\/p>\n\n\n\n<p>Roberta Burzagli, capit\u00e3 do elenco feminino, relata que, apesar de pouco tempo, a sele\u00e7\u00e3o j\u00e1 mostra entrosamento na terceira vez em que jogam juntas com esse elenco. &#8220;Nossa equipe sempre demonstra muita for\u00e7a quando est\u00e1 junta e estamos motivadas para enfrentar as coreanas. O clima aqui em Bras\u00edlia est\u00e1 \u00f3timo\u201d, disse a treinadora, que mant\u00e9m a mesma equipe na BJKC pela terceira vez consecutiva.<\/p>\n\n\n\n<p>J\u00e1 Bia Haddad Maia, 11\u00aa no Ranking da WTA , vai fazer de tudo para conquistar a vit\u00f3ria em casa e acredita que o bom momento das companheiras possa ajudar a conquistar o triunfo:<br>&#8220;Estou muito feliz de estar de volta \u00e0 BJKC. \u00c9 uma competi\u00e7\u00e3o especial e estou muito animada. Todas aqui tiveram uma temporada vitoriosa e est\u00e3o num grande momento para representarem o Brasil. Vou fazer o meu melhor e trabalhar duro para buscar esse ponto para n\u00f3s\u201d, afirmou.<\/p>\n\n\n\n<p>Vale lembrar que, no dia 10, ter\u00e3o duas partidas de simples, com a primeira partida iniciando \u00e0s 12h30. No s\u00e1bado (11), ser\u00e3o realizadas mais duas partidas de simples e, caso necessite, haver\u00e1 uma terceira partida de duplas para decidir quem avan\u00e7ar\u00e1 ao qualifier da competi\u00e7\u00e3o.<\/p>\n","protected":false},"excerpt":{"rendered":"<p>Foto: Luiz C\u00e2ndido\/CBT A sele\u00e7\u00e3o brasileira de t\u00eanis come\u00e7ou os treinamentos na \u00faltima segunda-feira (06), em Bras\u00edlia, voltando a prepara\u00e7\u00e3o aos playoffs do Billie Jean King Cup, que acontecer\u00e1 na capital federal nos dias 10 e 11 de novembro, na Arena BRB Man\u00e9 Garrincha. O elenco treinou no Iate Clube, com presen\u00e7a da torcida que [&hellip;]<\/p>\n","protected":false},"author":14,"featured_media":24881,"comment_status":"closed","ping_status":"closed","sticky":false,"template":"","format":"standard","meta":{"footnotes":""},"categories":[2],"tags":[],"class_list":["post-24880","post","type-post","status-publish","format-standard","has-post-thumbnail","hentry","category-outros"],"_links":{"self":[{"href":"https:\/\/www.esportesbrasilia.com.br\/noticias\/wp-json\/wp\/v2\/posts\/24880","targetHints":{"allow":["GET"]}}],"collection":[{"href":"https:\/\/www.esportesbrasilia.com.br\/noticias\/wp-json\/wp\/v2\/posts"}],"about":[{"href":"https:\/\/www.esportesbrasilia.com.br\/noticias\/wp-json\/wp\/v2\/types\/post"}],"author":[{"embeddable":true,"href":"https:\/\/www.esportesbrasilia.com.br\/noticias\/wp-json\/wp\/v2\/users\/14"}],"replies":[{"embeddable":true,"href":"https:\/\/www.esportesbrasilia.com.br\/noticias\/wp-json\/wp\/v2\/comments?post=24880"}],"version-history":[{"count":1,"href":"https:\/\/www.esportesbrasilia.com.br\/noticias\/wp-json\/wp\/v2\/posts\/24880\/revisions"}],"predecessor-version":[{"id":24882,"href":"https:\/\/www.esportesbrasilia.com.br\/noticias\/wp-json\/wp\/v2\/posts\/24880\/revisions\/24882"}],"wp:featuredmedia":[{"embeddable":true,"href":"https:\/\/www.esportesbrasilia.com.br\/noticias\/wp-json\/wp\/v2\/media\/24881"}],"wp:attachment":[{"href":"https:\/\/www.esportesbrasilia.com.br\/noticias\/wp-json\/wp\/v2\/media?parent=24880"}],"wp:term":[{"taxonomy":"category","embeddable":true,"href":"https:\/\/www.esportesbrasilia.com.br\/noticias\/wp-json\/wp\/v2\/categories?post=24880"},{"taxonomy":"post_tag","embeddable":true,"href":"https:\/\/www.esportesbrasilia.com.br\/noticias\/wp-json\/wp\/v2\/tags?post=24880"}],"curies":[{"name":"wp","href":"https:\/\/api.w.org\/{rel}","templated":true}]}}