{"id":24867,"date":"2023-11-06T13:15:50","date_gmt":"2023-11-06T16:15:50","guid":{"rendered":"https:\/\/www.esportesbrasilia.com.br\/noticias\/?p=24867"},"modified":"2023-11-06T13:15:50","modified_gmt":"2023-11-06T16:15:50","slug":"entenda-como-funciona-o-compete-brasilia","status":"publish","type":"post","link":"https:\/\/www.esportesbrasilia.com.br\/noticias\/outros\/entenda-como-funciona-o-compete-brasilia.html","title":{"rendered":"Entenda como funciona o Compete Bras\u00edlia"},"content":{"rendered":"\n<p><em>Programa financia a participa\u00e7\u00e3o de atletas e paratletas em torneios nacionais e internacionais com passagens a\u00e9reas e terrestres<\/em><\/p>\n\n\n\n<p>O Compete Bras\u00edlia \u00e9 um programa do Governo do Distrito Federal (GDF) que financia a participa\u00e7\u00e3o de atletas e paratletas de alto rendimento das mais diversas modalidades em campeonatos nacionais e internacionais. A ajuda de custo vem em forma de passagens a\u00e9reas para destinos nacionais ou internacionais e transporte terrestre para deslocamento de grandes delega\u00e7\u00f5es em territ\u00f3rio nacional.<\/p>\n\n\n\n<p>A inscri\u00e7\u00e3o no Compete Bras\u00edlia n\u00e3o tem limite de idade nem exige comprova\u00e7\u00e3o de renda \u2013 qualquer atleta pode pleitear o custeio do transporte a\u00e9reo ou terrestre. As solicita\u00e7\u00f5es devem ser cadastradas com prazo m\u00e1ximo de 40 dias antes da data prevista para o in\u00edcio de competi\u00e7\u00f5es nacionais e, no m\u00e1ximo, 60 dias antes do in\u00edcio de competi\u00e7\u00f5es internacionais. <a href=\"https:\/\/esporte.df.gov.br\/compete-brasilia-2\/\">Confira a documenta\u00e7\u00e3o exigida<\/a>.<\/p>\n\n\n\n<p>De janeiro a outubro deste ano, foram emitidas 682 passagens nacionais, 447 internacionais e 3.120 terrestres. Os quase R$ 8 milh\u00f5es investidos no programa beneficiaram 4.249 atletas, n\u00famero que superou em 28% a quantidade de esportistas atendidos em 2022.<\/p>\n\n\n\n<p>Secret\u00e1rio de Esporte e Lazer do Distrito Federal, Julio Cesar Ribeiro, aponta que o Compete Bras\u00edlia \u00e9 uma das principais a\u00e7\u00f5es da pasta para o fomento do esporte. \u201cA cada ano, o GDF vem potencializando esse programa, investindo e aumentando expressivamente o n\u00famero de atletas beneficiados\u201d, afirma. \u201cCom o custeio das passagens, eles t\u00eam a chance de representar a cidade e acumular \u00edndices para participar de competi\u00e7\u00f5es de alto n\u00edvel\u201d, completa.<\/p>\n\n\n\n<p>Encarar a vida de atleta n\u00e3o \u00e9 tarefa simples para o estudante Bernardo Miranda. Aos 16 anos, o jovem desponta como uma das promessas brasilienses do squash \u2013 \u00e9 o n\u00famero 1 nas categorias sub-17 e sub-19 do esporte. Mas disciplina e talento n\u00e3o s\u00e3o suficientes para quem quer ganhar a vida competindo. Sem apoio financeiro, fica dif\u00edcil marcar presen\u00e7a nos in\u00fameros torneios nacionais e internacionais.<\/p>\n\n\n\n<p>\u201cMinha fam\u00edlia n\u00e3o tem condi\u00e7\u00e3o de financiar minha carreira. Meu pai \u00e9 motorista de aplicativo, minha m\u00e3e \u00e9 cabeleireira, tenho mais seis irm\u00e3os. Ent\u00e3o, acabava dependendo da ajuda do meu treinador ou das vaquinhas que eu organizava para viajar\u201d, conta Bernardo. \u201cEnfrentei muita dificuldade at\u00e9 conhecer o Compete Bras\u00edlia. Foi o projeto que garantiu as passagens para o \u00faltimo torneio que participei, no Rio de Janeiro\u201d, lembra o jovem.<\/p>\n\n\n\n<p><strong>Ajuda valiosa<\/strong><\/p>\n\n\n\n<p>Bernardo Miranda foi ao Rio de Janeiro e saiu do 44\u00ba Campeonato Brasileiro de Squash com o primeiro lugar na categoria sub-17<\/p>\n\n\n\n<p>Para quem tirava dinheiro do pr\u00f3prio bolso financiando a participa\u00e7\u00e3o de atletas em torneios, contar com a ajuda do Compete Bras\u00edlia \u00e9 um verdadeiro al\u00edvio. \u00c9 o caso de Diego Bolzan, que al\u00e9m de treinar Bernardo, \u00e9 respons\u00e1vel pela carreira esportiva de outros dois atletas de squash, Andr\u00e9 Almeida, 17 anos, e Jo\u00e3o Carlos Santos, 18.<\/p>\n\n\n\n<p>\u201cS\u00e3o meninos que vieram de um antigo projeto social que eu criei, em 2018, junto ao Centro de Ensino Fundamental (CEF) Polivalente, da Asa Sul\u201d, recorda-se Bolzan. \u201cDe todos os alunos que tivemos, os tr\u00eas foram os que mais se destacaram. Os garotos t\u00eam habilidade e disciplina, caracter\u00edsticas essenciais para quem quer competir. Tanto que passei a trein\u00e1-los pessoalmente. Hoje, eles s\u00e3o os n\u00fameros um, dois e quatro do Brasil na categoria sub-19.\u201d<\/p>\n\n\n\n<p><strong>Atletas atendidos em 2023 pelo Compete Bras\u00edlia<\/strong><\/p>\n\n\n\n<p>\u200cO treinador conta que costumava custear as passagens a\u00e9reas dos rapazes, j\u00e1 que a fam\u00edlia deles n\u00e3o tinham condi\u00e7\u00f5es financeiras. \u201c\u00c0s vezes, a gente contava com alguma doa\u00e7\u00e3o, mas, de modo geral, estava ficando bastante pesado para mim\u201d, ressalta Bolzan. \u201cA\u00ed, ficamos sabendo do Compete Bras\u00edlia. Os meninos se cadastraram em junho e, depois de tr\u00eas meses, receberam o primeiro aux\u00edlio.\u201d<\/p>\n\n\n\n<p>Os tr\u00eas atletas conseguiram passagens a\u00e9reas para disputar o 44\u00ba Campeonato Brasileiro de Squash, no Rio de Janeiro. Bernardo foi o que se saiu melhor no torneio: ficou em primeiro lugar na categoria sub-17. Para Jo\u00e3o Carlos, no entanto, a participa\u00e7\u00e3o nos jogos teve um significado especial.<\/p>\n\n\n\n<p>\u201cO squash \u00e9 tudo para mim. \u00c9 de onde tiro o meu sustento, \u00e9 a minha paix\u00e3o. Minha m\u00e3e mora em Goi\u00e1s, meu pai j\u00e1 faleceu. Ent\u00e3o, eu s\u00f3 tinha condi\u00e7\u00f5es de viajar para competir se algu\u00e9m pagasse para mim\u201d, garante o jovem. \u201cO Compete Bras\u00edlia \u00e9 minha chance de participar de mais campeonatos, melhorar minha classifica\u00e7\u00e3o e me profissionalizar no esporte. \u00c9 o que mais desejo na minha vida.\u201d<\/p>\n\n\n\n<p><\/p>\n","protected":false},"excerpt":{"rendered":"<p>Programa financia a participa\u00e7\u00e3o de atletas e paratletas em torneios nacionais e internacionais com passagens a\u00e9reas e terrestres O Compete Bras\u00edlia \u00e9 um programa do Governo do Distrito Federal (GDF) que financia a participa\u00e7\u00e3o de atletas e paratletas de alto rendimento das mais diversas modalidades em campeonatos nacionais e internacionais. A ajuda de custo vem [&hellip;]<\/p>\n","protected":false},"author":52,"featured_media":24868,"comment_status":"closed","ping_status":"closed","sticky":false,"template":"","format":"standard","meta":{"footnotes":""},"categories":[2],"tags":[],"class_list":["post-24867","post","type-post","status-publish","format-standard","has-post-thumbnail","hentry","category-outros"],"_links":{"self":[{"href":"https:\/\/www.esportesbrasilia.com.br\/noticias\/wp-json\/wp\/v2\/posts\/24867","targetHints":{"allow":["GET"]}}],"collection":[{"href":"https:\/\/www.esportesbrasilia.com.br\/noticias\/wp-json\/wp\/v2\/posts"}],"about":[{"href":"https:\/\/www.esportesbrasilia.com.br\/noticias\/wp-json\/wp\/v2\/types\/post"}],"author":[{"embeddable":true,"href":"https:\/\/www.esportesbrasilia.com.br\/noticias\/wp-json\/wp\/v2\/users\/52"}],"replies":[{"embeddable":true,"href":"https:\/\/www.esportesbrasilia.com.br\/noticias\/wp-json\/wp\/v2\/comments?post=24867"}],"version-history":[{"count":1,"href":"https:\/\/www.esportesbrasilia.com.br\/noticias\/wp-json\/wp\/v2\/posts\/24867\/revisions"}],"predecessor-version":[{"id":24869,"href":"https:\/\/www.esportesbrasilia.com.br\/noticias\/wp-json\/wp\/v2\/posts\/24867\/revisions\/24869"}],"wp:featuredmedia":[{"embeddable":true,"href":"https:\/\/www.esportesbrasilia.com.br\/noticias\/wp-json\/wp\/v2\/media\/24868"}],"wp:attachment":[{"href":"https:\/\/www.esportesbrasilia.com.br\/noticias\/wp-json\/wp\/v2\/media?parent=24867"}],"wp:term":[{"taxonomy":"category","embeddable":true,"href":"https:\/\/www.esportesbrasilia.com.br\/noticias\/wp-json\/wp\/v2\/categories?post=24867"},{"taxonomy":"post_tag","embeddable":true,"href":"https:\/\/www.esportesbrasilia.com.br\/noticias\/wp-json\/wp\/v2\/tags?post=24867"}],"curies":[{"name":"wp","href":"https:\/\/api.w.org\/{rel}","templated":true}]}}