{"id":24841,"date":"2023-11-03T16:16:28","date_gmt":"2023-11-03T19:16:28","guid":{"rendered":"https:\/\/www.esportesbrasilia.com.br\/noticias\/?p=24841"},"modified":"2023-11-04T12:04:33","modified_gmt":"2023-11-04T15:04:33","slug":"capital-promove-duas-joias-da-categoria-de-base","status":"publish","type":"post","link":"https:\/\/www.esportesbrasilia.com.br\/noticias\/futebol\/capital-promove-duas-joias-da-categoria-de-base.html","title":{"rendered":"Capital promove duas joias da categoria de base"},"content":{"rendered":"\n<p><em>Rian Pablo e Richard Wilham v\u00e3o disputar a Copinha em janeiro e j\u00e1 voltam integrados \u00e0 equipe profissional para o Candang\u00e3o 2024<\/em><\/p>\n\n\n\n<p>Mais duas novidades confirmadas no Capital para a disputa do Candang\u00e3o 2024. Na verdade, ambas j\u00e1 s\u00e3o bem conhecidas. O atacante Rian Pablo, de 19 anos; e o volante Richard Wilham, 20; fecharam contrato e passam a integrar a equipe profissional do clube a partir da pr\u00f3xima temporada. Ambos fazem parte do grupo que treina para a Copa S\u00e3o Paulo de Futebol Junior, a Copinha; em janeiro do ano que vem. Quando retornarem da principal competi\u00e7\u00e3o de categoria de base do Brasil j\u00e1 passam a integrar o elenco principal do Tricolor do DF.<\/p>\n\n\n\n<p>\u201cO Capital vem apostando na base j\u00e1 h\u00e1 alguns anos e promover esses dois promissores e talentosos jovens mostra o compromisso do time em tamb\u00e9m valorizar a prata da casa\u201d, destaca o presidente do time, Godofredo Gon\u00e7alves ao lembrar do anuncio da renova\u00e7\u00e3o com o atacante Leozynho, nesta semana, que tamb\u00e9m foi revelado pelo Capital, assim como os goleiros Alex Almeida e Felipe Costa, presentes no elenco profissional no ano passado.<\/p>\n\n\n\n<p>Natural de Governador Archer (MA), Rian chegou ao Tricolor no come\u00e7o deste ano e j\u00e1 foi artilheiro do Candaguinho Sub-20 deste ano, com 10 gols; e da Copa Novos Talentos, com 16 tentos anotados. \u201cVenho trabalhando muito para esse momento. Agora \u00e9 continuar com o mesmo foco para corresponder \u00e0s expectativas\u201d, conta.<\/p>\n\n\n\n<p>J\u00e1 Richard vem de Presidente Epit\u00e1cio, no interior de S\u00e3o Paulo. Respons\u00e1vel por uma das melhores e mais s\u00f3lidas defesas das \u00faltimas competi\u00e7\u00f5es de base, ele se diz pronto para atuar entre os profissionais. \u201cA expectativa \u00e9 a melhor e estou muito motivado e feliz, al\u00e9m de completamente pronto para esse novo desafio\u201d, comemora.<\/p>\n\n\n\n<p>De acordo com o diretor de Futebol, Gustavo Cartaxo, os novatos n\u00e3o chegam somente para completar o elenco. \u201cEu os tenho observado desde que estou aqui e percebi o potencial desses e de outros jogadores, e acredito que eles v\u00e3o somar significativamente \u00e0 proposta de trabalho do treinador Paulinho Kobayashi\u201d, explica o dirigente.<\/p>\n\n\n\n<p><strong>Competi\u00e7\u00f5es<\/strong><br>O time comandando pelo t\u00e9cnico Aur\u00e9lio Ferreira se apresentou no in\u00edcio do m\u00eas passado para iniciar o trabalho com foco total na Copinha, que ocorre de 2 a 25 de janeiro. J\u00e1 a equipe profissional, sob o comando do treinador Paulinho Kobayashi, se apresenta no pr\u00f3ximo m\u00eas com foco total no Candang\u00e3o, ao longo do primeiro trimestre de 2024.<\/p>\n","protected":false},"excerpt":{"rendered":"<p>Rian Pablo e Richard Wilham v\u00e3o disputar a Copinha em janeiro e j\u00e1 voltam integrados \u00e0 equipe profissional para o Candang\u00e3o 2024 Mais duas novidades confirmadas no Capital para a disputa do Candang\u00e3o 2024. Na verdade, ambas j\u00e1 s\u00e3o bem conhecidas. O atacante Rian Pablo, de 19 anos; e o volante Richard Wilham, 20; fecharam [&hellip;]<\/p>\n","protected":false},"author":52,"featured_media":24842,"comment_status":"closed","ping_status":"closed","sticky":false,"template":"","format":"standard","meta":{"footnotes":""},"categories":[8],"tags":[],"class_list":["post-24841","post","type-post","status-publish","format-standard","has-post-thumbnail","hentry","category-futebol"],"_links":{"self":[{"href":"https:\/\/www.esportesbrasilia.com.br\/noticias\/wp-json\/wp\/v2\/posts\/24841","targetHints":{"allow":["GET"]}}],"collection":[{"href":"https:\/\/www.esportesbrasilia.com.br\/noticias\/wp-json\/wp\/v2\/posts"}],"about":[{"href":"https:\/\/www.esportesbrasilia.com.br\/noticias\/wp-json\/wp\/v2\/types\/post"}],"author":[{"embeddable":true,"href":"https:\/\/www.esportesbrasilia.com.br\/noticias\/wp-json\/wp\/v2\/users\/52"}],"replies":[{"embeddable":true,"href":"https:\/\/www.esportesbrasilia.com.br\/noticias\/wp-json\/wp\/v2\/comments?post=24841"}],"version-history":[{"count":2,"href":"https:\/\/www.esportesbrasilia.com.br\/noticias\/wp-json\/wp\/v2\/posts\/24841\/revisions"}],"predecessor-version":[{"id":24862,"href":"https:\/\/www.esportesbrasilia.com.br\/noticias\/wp-json\/wp\/v2\/posts\/24841\/revisions\/24862"}],"wp:featuredmedia":[{"embeddable":true,"href":"https:\/\/www.esportesbrasilia.com.br\/noticias\/wp-json\/wp\/v2\/media\/24842"}],"wp:attachment":[{"href":"https:\/\/www.esportesbrasilia.com.br\/noticias\/wp-json\/wp\/v2\/media?parent=24841"}],"wp:term":[{"taxonomy":"category","embeddable":true,"href":"https:\/\/www.esportesbrasilia.com.br\/noticias\/wp-json\/wp\/v2\/categories?post=24841"},{"taxonomy":"post_tag","embeddable":true,"href":"https:\/\/www.esportesbrasilia.com.br\/noticias\/wp-json\/wp\/v2\/tags?post=24841"}],"curies":[{"name":"wp","href":"https:\/\/api.w.org\/{rel}","templated":true}]}}