{"id":24838,"date":"2023-11-04T09:41:00","date_gmt":"2023-11-04T12:41:00","guid":{"rendered":"https:\/\/www.esportesbrasilia.com.br\/noticias\/?p=24838"},"modified":"2023-11-04T19:01:55","modified_gmt":"2023-11-04T22:01:55","slug":"equipes-do-distrito-federal-ficam-pelo-caminho-no-brasileirao-masculino-de-fut7","status":"publish","type":"post","link":"https:\/\/www.esportesbrasilia.com.br\/noticias\/outros\/equipes-do-distrito-federal-ficam-pelo-caminho-no-brasileirao-masculino-de-fut7.html","title":{"rendered":"Equipes do Distrito Federal ficam pelo caminho no Brasileir\u00e3o Masculino de Fut7"},"content":{"rendered":"\n<p><strong>Colaborou Rener Lopes<br>Foto: Baah Lins\/Ag\u00eancia Photoland<\/strong><\/p>\n\n\n\n<p>As equipes que representam o Distrito Federal no Campeonato Brasileiro de Fut7 Elite est\u00e3o fora da segunda fase da competi\u00e7\u00e3o. A capital federal contou com tr\u00eas representantes na disputa: Bras\u00edlia Fut7, Club7 FC e PSV Ceil\u00e2ndia. Confira como foi o desempenho de cada time na competi\u00e7\u00e3o:<\/p>\n\n\n\n<p><strong>Bras\u00edlia Fut7<\/strong><\/p>\n\n\n\n<p>A equipe estava alocada na chave C, ao lado de Araguari\/MG, Nacional\/SP e S\u00e3o Caetano\/SP. Na estreia, que aconteceu na \u00faltima quinta-feira (02), derrota para o Nacional por 2&#215;1. No segundo jogo, ainda na quinta-feira, mais uma derrota para o Araguari por 3&#215;2. J\u00e1 na sexta-feira, encerrando a primeira fase, venceu o S\u00e3o Caetano por 2&#215;0.<\/p>\n\n\n\n<p><strong>Club7 FC<\/strong><\/p>\n\n\n\n<p>J\u00e1 o time do Club7 estava no grupo H, junto com \u00c1urea Football\/RJ, Estudiantes\/ES e Ska Brasil\/SP. Na largada, empate com o time paulista em 2&#215;2. Na sequ\u00eancia, a primeira derrota: 3&#215;1 para o \u00c1urea Football. O time candango encerrou a participa\u00e7\u00e3o goleando o Estudiantes por 9&#215;3.<\/p>\n\n\n\n<p><strong>PSV Ceil\u00e2ndia<\/strong><\/p>\n\n\n\n<p>O terceiro representante candango ficou na chave F, que tamb\u00e9m teve participa\u00e7\u00e3o de Gameleira\/MG, Golfinho Guaruj\u00e1\/SP e Tradecomex\/PR. Na primeira rodada, derrota para o Tradecomex por 2&#215;0. Em seguida, mais uma derrota pelo mesmo placar, desta vez para o Golfinho Guaruj\u00e1. O \u00faltimo confronto foi contra o Gameleira: mais uma derrota por 2&#215;0.<\/p>\n\n\n\n<p>As partidas acontecem at\u00e9 este domingo (05), na cidade de S\u00e3o Paulo\/SP.<\/p>\n","protected":false},"excerpt":{"rendered":"<p>Colaborou Rener LopesFoto: Baah Lins\/Ag\u00eancia Photoland As equipes que representam o Distrito Federal no Campeonato Brasileiro de Fut7 Elite est\u00e3o fora da segunda fase da competi\u00e7\u00e3o. A capital federal contou com tr\u00eas representantes na disputa: Bras\u00edlia Fut7, Club7 FC e PSV Ceil\u00e2ndia. Confira como foi o desempenho de cada time na competi\u00e7\u00e3o: Bras\u00edlia Fut7 A [&hellip;]<\/p>\n","protected":false},"author":51,"featured_media":24839,"comment_status":"closed","ping_status":"closed","sticky":false,"template":"","format":"standard","meta":{"footnotes":""},"categories":[2],"tags":[],"class_list":["post-24838","post","type-post","status-publish","format-standard","has-post-thumbnail","hentry","category-outros"],"_links":{"self":[{"href":"https:\/\/www.esportesbrasilia.com.br\/noticias\/wp-json\/wp\/v2\/posts\/24838","targetHints":{"allow":["GET"]}}],"collection":[{"href":"https:\/\/www.esportesbrasilia.com.br\/noticias\/wp-json\/wp\/v2\/posts"}],"about":[{"href":"https:\/\/www.esportesbrasilia.com.br\/noticias\/wp-json\/wp\/v2\/types\/post"}],"author":[{"embeddable":true,"href":"https:\/\/www.esportesbrasilia.com.br\/noticias\/wp-json\/wp\/v2\/users\/51"}],"replies":[{"embeddable":true,"href":"https:\/\/www.esportesbrasilia.com.br\/noticias\/wp-json\/wp\/v2\/comments?post=24838"}],"version-history":[{"count":2,"href":"https:\/\/www.esportesbrasilia.com.br\/noticias\/wp-json\/wp\/v2\/posts\/24838\/revisions"}],"predecessor-version":[{"id":24854,"href":"https:\/\/www.esportesbrasilia.com.br\/noticias\/wp-json\/wp\/v2\/posts\/24838\/revisions\/24854"}],"wp:featuredmedia":[{"embeddable":true,"href":"https:\/\/www.esportesbrasilia.com.br\/noticias\/wp-json\/wp\/v2\/media\/24839"}],"wp:attachment":[{"href":"https:\/\/www.esportesbrasilia.com.br\/noticias\/wp-json\/wp\/v2\/media?parent=24838"}],"wp:term":[{"taxonomy":"category","embeddable":true,"href":"https:\/\/www.esportesbrasilia.com.br\/noticias\/wp-json\/wp\/v2\/categories?post=24838"},{"taxonomy":"post_tag","embeddable":true,"href":"https:\/\/www.esportesbrasilia.com.br\/noticias\/wp-json\/wp\/v2\/tags?post=24838"}],"curies":[{"name":"wp","href":"https:\/\/api.w.org\/{rel}","templated":true}]}}