{"id":24835,"date":"2023-11-03T09:19:00","date_gmt":"2023-11-03T12:19:00","guid":{"rendered":"https:\/\/www.esportesbrasilia.com.br\/noticias\/?p=24835"},"modified":"2023-11-03T00:22:48","modified_gmt":"2023-11-03T03:22:48","slug":"fim-de-semana-de-desafios-no-campeonato-brasiliense-de-amazonas","status":"publish","type":"post","link":"https:\/\/www.esportesbrasilia.com.br\/noticias\/outros\/fim-de-semana-de-desafios-no-campeonato-brasiliense-de-amazonas.html","title":{"rendered":"Fim de semana de desafios no Campeonato Brasiliense de Amazonas"},"content":{"rendered":"\n<p><strong>Foto: divulga\u00e7\u00e3o\/FHB<\/strong><\/p>\n\n\n\n<p>Um espet\u00e1culo de gra\u00e7a e coragem \u00e9 o que promete o Campeonato Brasiliense de Amazonas, que ser\u00e1 realizado entre os dias 03 e 05 de novembro, na Sociedade H\u00edpica de Bras\u00edlia. O evento \u00e9 organizado pela Federa\u00e7\u00e3o H\u00edpica de Bras\u00edlia e reunir\u00e1 competidoras da regi\u00e3o, que buscam a vit\u00f3ria, superando desafios e emocionando o p\u00fablico que prestigiar o campeonato.<\/p>\n\n\n\n<p>A campe\u00e3 brasileira de 2022, Renata Vieira, de 19 anos, est\u00e1 se preparando para a competi\u00e7\u00e3o h\u00e1 muito tempo. Perdeu sua \u00e9gua principal. Agora, est\u00e1 trabalhando com os cavalos do pai e do irm\u00e3o. \u201cS\u00e3o cavalos jovens, que ainda est\u00e3o em forma\u00e7\u00e3o, mas vamos disputar confiantes a categoria de 1,20 metro\u201d, diz.<\/p>\n\n\n\n<p>Renata sabe que essa categoria ser\u00e1 muito concorrida, \u201ccom amazonas excelentes e cavalos muito bons, com boas instru\u00e7\u00f5es\u201d. A jovem est\u00e1 animada para competir e avalia que o Campeonato Brasiliense de Amazonas \u00e9 uma oportunidade de mostrar a import\u00e2ncia de se ter mulheres no alto rendimento do esporte em Bras\u00edlia.<\/p>\n\n\n\n<p>\u201cEsse \u00e9 um campeonato muito esperado durante todo o ano. \u00c9 muito charmoso e preparado para ter a melhor qualidade, para acolher as amazonas e incluir todos no meio h\u00edpico\u201d, afirma Renata. Para ela, agora s\u00f3 falta as mulheres chegarem \u00e0s provas de 1,50 m, 1,60 m e IGP.<\/p>\n\n\n\n<p>O presidente da Federa\u00e7\u00e3o H\u00edpica de Bras\u00edlia, Almir Vieira, explica que estar\u00e3o na disputa atletas de diferentes idades e n\u00edveis de experi\u00eancia. \u201cA competi\u00e7\u00e3o ser\u00e1 uma vitrine de estilo, destreza e cumplicidade entre amazonas e seus equinos. \u00c9 um campeonato que celebra a dedica\u00e7\u00e3o e o compromisso das amazonas com o hipismo\u201d.<\/p>\n","protected":false},"excerpt":{"rendered":"<p>Foto: divulga\u00e7\u00e3o\/FHB Um espet\u00e1culo de gra\u00e7a e coragem \u00e9 o que promete o Campeonato Brasiliense de Amazonas, que ser\u00e1 realizado entre os dias 03 e 05 de novembro, na Sociedade H\u00edpica de Bras\u00edlia. O evento \u00e9 organizado pela Federa\u00e7\u00e3o H\u00edpica de Bras\u00edlia e reunir\u00e1 competidoras da regi\u00e3o, que buscam a vit\u00f3ria, superando desafios e emocionando [&hellip;]<\/p>\n","protected":false},"author":1,"featured_media":24836,"comment_status":"closed","ping_status":"closed","sticky":false,"template":"","format":"standard","meta":{"footnotes":""},"categories":[2],"tags":[],"class_list":["post-24835","post","type-post","status-publish","format-standard","has-post-thumbnail","hentry","category-outros"],"_links":{"self":[{"href":"https:\/\/www.esportesbrasilia.com.br\/noticias\/wp-json\/wp\/v2\/posts\/24835","targetHints":{"allow":["GET"]}}],"collection":[{"href":"https:\/\/www.esportesbrasilia.com.br\/noticias\/wp-json\/wp\/v2\/posts"}],"about":[{"href":"https:\/\/www.esportesbrasilia.com.br\/noticias\/wp-json\/wp\/v2\/types\/post"}],"author":[{"embeddable":true,"href":"https:\/\/www.esportesbrasilia.com.br\/noticias\/wp-json\/wp\/v2\/users\/1"}],"replies":[{"embeddable":true,"href":"https:\/\/www.esportesbrasilia.com.br\/noticias\/wp-json\/wp\/v2\/comments?post=24835"}],"version-history":[{"count":1,"href":"https:\/\/www.esportesbrasilia.com.br\/noticias\/wp-json\/wp\/v2\/posts\/24835\/revisions"}],"predecessor-version":[{"id":24837,"href":"https:\/\/www.esportesbrasilia.com.br\/noticias\/wp-json\/wp\/v2\/posts\/24835\/revisions\/24837"}],"wp:featuredmedia":[{"embeddable":true,"href":"https:\/\/www.esportesbrasilia.com.br\/noticias\/wp-json\/wp\/v2\/media\/24836"}],"wp:attachment":[{"href":"https:\/\/www.esportesbrasilia.com.br\/noticias\/wp-json\/wp\/v2\/media?parent=24835"}],"wp:term":[{"taxonomy":"category","embeddable":true,"href":"https:\/\/www.esportesbrasilia.com.br\/noticias\/wp-json\/wp\/v2\/categories?post=24835"},{"taxonomy":"post_tag","embeddable":true,"href":"https:\/\/www.esportesbrasilia.com.br\/noticias\/wp-json\/wp\/v2\/tags?post=24835"}],"curies":[{"name":"wp","href":"https:\/\/api.w.org\/{rel}","templated":true}]}}