{"id":24823,"date":"2023-11-01T10:34:48","date_gmt":"2023-11-01T13:34:48","guid":{"rendered":"https:\/\/www.esportesbrasilia.com.br\/noticias\/?p=24823"},"modified":"2023-11-01T10:34:48","modified_gmt":"2023-11-01T13:34:48","slug":"mane-garrincha-recebe-brasileirao-nesta-quarta","status":"publish","type":"post","link":"https:\/\/www.esportesbrasilia.com.br\/noticias\/futebol\/mane-garrincha-recebe-brasileirao-nesta-quarta.html","title":{"rendered":"Man\u00e9 Garrincha recebe Brasileir\u00e3o nesta quarta"},"content":{"rendered":"\n<p><em>Mesmo com muitos desfalques, equipes prometem um grande espet\u00e1culo<\/em><\/p>\n\n\n\n<p>A Arena BRB Man\u00e9 Garrincha recebe, \u00e0s 20 horas desta quarta-feira (1\u00ba), o duelo entre Flamengo e Santos, pela 31\u00aa rodada do Brasileir\u00e3o. Na tabela, um Fla ainda sonhando com o t\u00edtulo contra um Peixe na briga contra o rebaixamento para a S\u00e9rie B do Brasileir\u00e3o. Em campo, duas equipes que fazem um duelo recheado de desfalques importantes nas suas escala\u00e7\u00f5es.<\/p>\n\n\n\n<p>O Meng\u00e3o vem de fracassos em 2023 e, apesar de ainda ter chances de t\u00edtulo, o objetivo principal \u00e9 garantir a classifica\u00e7\u00e3o direta para a Copa Libertadores. Para isso, h\u00e1 alguns problemas a serem resolvidos, como aus\u00eancia de jogadores importantes no duelo. Titulares, Pulgar e Everton Ribeiro receberam o terceiro cart\u00e3o amarelo e est\u00e3o suspensos. Lesionados, David Luiz e Allan completam a lista de baixas.<\/p>\n\n\n\n<p>Com as aus\u00eancias citadas, o estilo de jogo do Flamengo muda, e Tite precisa adaptar fun\u00e7\u00f5es. Nesse cen\u00e1rio, o treinador deve utilizar Gerson de segundo volante, ao lado de Thiago Maia, para suprir a falta de Pulgar. No lugar de Everton Ribeiro, a tend\u00eancia \u00e9 que a vaga seja ocupada por Luiz Ara\u00fajo.<\/p>\n\n\n\n<p>O Alvinegro Praiano, flertando com a queda para a Segundona, precisa suprir duas baixas significativas. No ataque, Marcos Leonardo, dono da maior parte dos gols feitos pelo Peixe na competi\u00e7\u00e3o, est\u00e1 fora do duelo por ter tomado o terceiro cart\u00e3o amarelo diante do Corinthians. Furch \u00e9 cotado como favorito para a vaga.<\/p>\n\n\n\n<p>Fora isso, o zagueiro Jo\u00e3o Basso, titular absoluto de Marcelo Fernandes, sofreu uma les\u00e3o s\u00e9ria no cl\u00e1ssico, n\u00e3o estar\u00e1 dispon\u00edvel para o confronto e talvez perca todo resto de temporada. Messias deve entrar na escala\u00e7\u00e3o do Santos.<\/p>\n","protected":false},"excerpt":{"rendered":"<p>Mesmo com muitos desfalques, equipes prometem um grande espet\u00e1culo A Arena BRB Man\u00e9 Garrincha recebe, \u00e0s 20 horas desta quarta-feira (1\u00ba), o duelo entre Flamengo e Santos, pela 31\u00aa rodada do Brasileir\u00e3o. Na tabela, um Fla ainda sonhando com o t\u00edtulo contra um Peixe na briga contra o rebaixamento para a S\u00e9rie B do Brasileir\u00e3o. [&hellip;]<\/p>\n","protected":false},"author":52,"featured_media":24824,"comment_status":"closed","ping_status":"closed","sticky":false,"template":"","format":"standard","meta":{"footnotes":""},"categories":[8],"tags":[],"class_list":["post-24823","post","type-post","status-publish","format-standard","has-post-thumbnail","hentry","category-futebol"],"_links":{"self":[{"href":"https:\/\/www.esportesbrasilia.com.br\/noticias\/wp-json\/wp\/v2\/posts\/24823","targetHints":{"allow":["GET"]}}],"collection":[{"href":"https:\/\/www.esportesbrasilia.com.br\/noticias\/wp-json\/wp\/v2\/posts"}],"about":[{"href":"https:\/\/www.esportesbrasilia.com.br\/noticias\/wp-json\/wp\/v2\/types\/post"}],"author":[{"embeddable":true,"href":"https:\/\/www.esportesbrasilia.com.br\/noticias\/wp-json\/wp\/v2\/users\/52"}],"replies":[{"embeddable":true,"href":"https:\/\/www.esportesbrasilia.com.br\/noticias\/wp-json\/wp\/v2\/comments?post=24823"}],"version-history":[{"count":1,"href":"https:\/\/www.esportesbrasilia.com.br\/noticias\/wp-json\/wp\/v2\/posts\/24823\/revisions"}],"predecessor-version":[{"id":24825,"href":"https:\/\/www.esportesbrasilia.com.br\/noticias\/wp-json\/wp\/v2\/posts\/24823\/revisions\/24825"}],"wp:featuredmedia":[{"embeddable":true,"href":"https:\/\/www.esportesbrasilia.com.br\/noticias\/wp-json\/wp\/v2\/media\/24824"}],"wp:attachment":[{"href":"https:\/\/www.esportesbrasilia.com.br\/noticias\/wp-json\/wp\/v2\/media?parent=24823"}],"wp:term":[{"taxonomy":"category","embeddable":true,"href":"https:\/\/www.esportesbrasilia.com.br\/noticias\/wp-json\/wp\/v2\/categories?post=24823"},{"taxonomy":"post_tag","embeddable":true,"href":"https:\/\/www.esportesbrasilia.com.br\/noticias\/wp-json\/wp\/v2\/tags?post=24823"}],"curies":[{"name":"wp","href":"https:\/\/api.w.org\/{rel}","templated":true}]}}