{"id":24811,"date":"2023-10-30T14:41:29","date_gmt":"2023-10-30T17:41:29","guid":{"rendered":"https:\/\/www.esportesbrasilia.com.br\/noticias\/?p=24811"},"modified":"2023-10-30T14:41:29","modified_gmt":"2023-10-30T17:41:29","slug":"capital-acerta-com-lateral-tricampeao-estadual","status":"publish","type":"post","link":"https:\/\/www.esportesbrasilia.com.br\/noticias\/futebol\/capital-acerta-com-lateral-tricampeao-estadual.html","title":{"rendered":"Capital acerta com lateral tricampe\u00e3o estadual"},"content":{"rendered":"\n<p><em>Renan Luis estava na S\u00e9rie C do Brasileir\u00e3o e se apresenta ao nos pr\u00f3ximos meses<\/em><\/p>\n\n\n\n<p>Com tr\u00eas t\u00edtulos estaduais \u2013 Amazonense (2022), Catarinense (2021) e Maranhense (2019) \u2013, Renan Luis \u00e9 o novo refor\u00e7o do Capital para o Candang\u00e3o. Com 33 anos, o lateral-esquerdo \u00e9 mais um nome anunciado pelo Tricolor para o elenco 2024. O ala chega ap\u00f3s disputa a S\u00e9rie C do Brasileir\u00e3o, pelo Manaus (AM).<\/p>\n\n\n\n<p>Renan Luis foi revelado pela Canedense e acumula passagens por Ponte Preta, Red Bull Brasil, Cear\u00e1, S\u00e3o Caetano, Rio Claro, Guaratinguet\u00e1, Sampaio Corr\u00eaa, Figueirense, Imperatriz e Am\u00e9rica-RN, entre outros.<\/p>\n\n\n\n<p>Em 2011, o jogador integrou o elenco que garantiu o acesso da Ponte Preta para a S\u00e9rie A do Campeonato Brasileiro. \u201c\u00c9 um jogador experiente e acostumado a campeonatos competitivos. Vai ser um nome importante dentro e fora de campo, principalmente, na orienta\u00e7\u00e3o aos mais jovens\u201d, destaca o diretor de Futebol do Capital, Gustavo Cartaxo.<\/p>\n\n\n\n<p>Nessas \u00faltimas semanas, o Capital j\u00e1 anunciou o zagueiro \u00c9der Lima, o meio-campista Jailson e o armador Romarinho, na semana passada. Os atacantes Wallace Pernambucano e Kadu Barone, o zagueiro Luiz Domingues e o goleiro Luan Santos, eleito o melhor arqueiro do Candang\u00e3o deste ano, s\u00e3o os outros confirmados no Tricolor para o pr\u00f3ximo ano. A programa\u00e7\u00e3o prevista pelo Capital, o t\u00e9cnico Paulinho Kobayashi se apresenta ao time em novembro para elabora\u00e7\u00e3o do cronograma de atividades at\u00e9 janeiro, quando inicia-se o Candang\u00e3o 2024.<\/p>\n","protected":false},"excerpt":{"rendered":"<p>Renan Luis estava na S\u00e9rie C do Brasileir\u00e3o e se apresenta ao nos pr\u00f3ximos meses Com tr\u00eas t\u00edtulos estaduais \u2013 Amazonense (2022), Catarinense (2021) e Maranhense (2019) \u2013, Renan Luis \u00e9 o novo refor\u00e7o do Capital para o Candang\u00e3o. Com 33 anos, o lateral-esquerdo \u00e9 mais um nome anunciado pelo Tricolor para o elenco 2024. [&hellip;]<\/p>\n","protected":false},"author":52,"featured_media":24812,"comment_status":"closed","ping_status":"closed","sticky":false,"template":"","format":"standard","meta":{"footnotes":""},"categories":[8],"tags":[],"class_list":["post-24811","post","type-post","status-publish","format-standard","has-post-thumbnail","hentry","category-futebol"],"_links":{"self":[{"href":"https:\/\/www.esportesbrasilia.com.br\/noticias\/wp-json\/wp\/v2\/posts\/24811","targetHints":{"allow":["GET"]}}],"collection":[{"href":"https:\/\/www.esportesbrasilia.com.br\/noticias\/wp-json\/wp\/v2\/posts"}],"about":[{"href":"https:\/\/www.esportesbrasilia.com.br\/noticias\/wp-json\/wp\/v2\/types\/post"}],"author":[{"embeddable":true,"href":"https:\/\/www.esportesbrasilia.com.br\/noticias\/wp-json\/wp\/v2\/users\/52"}],"replies":[{"embeddable":true,"href":"https:\/\/www.esportesbrasilia.com.br\/noticias\/wp-json\/wp\/v2\/comments?post=24811"}],"version-history":[{"count":1,"href":"https:\/\/www.esportesbrasilia.com.br\/noticias\/wp-json\/wp\/v2\/posts\/24811\/revisions"}],"predecessor-version":[{"id":24813,"href":"https:\/\/www.esportesbrasilia.com.br\/noticias\/wp-json\/wp\/v2\/posts\/24811\/revisions\/24813"}],"wp:featuredmedia":[{"embeddable":true,"href":"https:\/\/www.esportesbrasilia.com.br\/noticias\/wp-json\/wp\/v2\/media\/24812"}],"wp:attachment":[{"href":"https:\/\/www.esportesbrasilia.com.br\/noticias\/wp-json\/wp\/v2\/media?parent=24811"}],"wp:term":[{"taxonomy":"category","embeddable":true,"href":"https:\/\/www.esportesbrasilia.com.br\/noticias\/wp-json\/wp\/v2\/categories?post=24811"},{"taxonomy":"post_tag","embeddable":true,"href":"https:\/\/www.esportesbrasilia.com.br\/noticias\/wp-json\/wp\/v2\/tags?post=24811"}],"curies":[{"name":"wp","href":"https:\/\/api.w.org\/{rel}","templated":true}]}}