{"id":24768,"date":"2023-10-19T10:59:44","date_gmt":"2023-10-19T13:59:44","guid":{"rendered":"https:\/\/www.esportesbrasilia.com.br\/noticias\/?p=24768"},"modified":"2023-10-19T11:04:04","modified_gmt":"2023-10-19T14:04:04","slug":"secretaria-de-esporte-adia-reinauguracao-do-estadio-bezerrao","status":"publish","type":"post","link":"https:\/\/www.esportesbrasilia.com.br\/noticias\/futebol\/secretaria-de-esporte-adia-reinauguracao-do-estadio-bezerrao.html","title":{"rendered":"Secretaria de Esporte adia reinaugura\u00e7\u00e3o do est\u00e1dio Bezerr\u00e3o"},"content":{"rendered":"\n<p>Foto: divulga\u00e7\u00e3o<\/p>\n\n\n\n<p>O torcedor do Gama vai ter que aguardar mais um pouco para voltar ao palco esportivo da cidade. A secretaria de Esporte anunciou, nesta quinta-feira (19), o adiamento da reinaugura\u00e7\u00e3o do local.<\/p>\n\n\n\n<p>A nova data \u00e9 08 de dezembro. Segundo a pasta, ajustes na manuten\u00e7\u00e3o estrutural fizeram a reinaugura\u00e7\u00e3o, marcada para o pr\u00f3ximo s\u00e1bado (21), ser adiada.<\/p>\n\n\n\n<p><\/p>\n","protected":false},"excerpt":{"rendered":"<p>Foto: divulga\u00e7\u00e3o O torcedor do Gama vai ter que aguardar mais um pouco para voltar ao palco esportivo da cidade. A secretaria de Esporte anunciou, nesta quinta-feira (19), o adiamento da reinaugura\u00e7\u00e3o do local. A nova data \u00e9 08 de dezembro. Segundo a pasta, ajustes na manuten\u00e7\u00e3o estrutural fizeram a reinaugura\u00e7\u00e3o, marcada para o pr\u00f3ximo [&hellip;]<\/p>\n","protected":false},"author":2,"featured_media":24739,"comment_status":"closed","ping_status":"closed","sticky":false,"template":"","format":"standard","meta":{"footnotes":""},"categories":[8],"tags":[],"class_list":["post-24768","post","type-post","status-publish","format-standard","has-post-thumbnail","hentry","category-futebol"],"_links":{"self":[{"href":"https:\/\/www.esportesbrasilia.com.br\/noticias\/wp-json\/wp\/v2\/posts\/24768","targetHints":{"allow":["GET"]}}],"collection":[{"href":"https:\/\/www.esportesbrasilia.com.br\/noticias\/wp-json\/wp\/v2\/posts"}],"about":[{"href":"https:\/\/www.esportesbrasilia.com.br\/noticias\/wp-json\/wp\/v2\/types\/post"}],"author":[{"embeddable":true,"href":"https:\/\/www.esportesbrasilia.com.br\/noticias\/wp-json\/wp\/v2\/users\/2"}],"replies":[{"embeddable":true,"href":"https:\/\/www.esportesbrasilia.com.br\/noticias\/wp-json\/wp\/v2\/comments?post=24768"}],"version-history":[{"count":2,"href":"https:\/\/www.esportesbrasilia.com.br\/noticias\/wp-json\/wp\/v2\/posts\/24768\/revisions"}],"predecessor-version":[{"id":24770,"href":"https:\/\/www.esportesbrasilia.com.br\/noticias\/wp-json\/wp\/v2\/posts\/24768\/revisions\/24770"}],"wp:featuredmedia":[{"embeddable":true,"href":"https:\/\/www.esportesbrasilia.com.br\/noticias\/wp-json\/wp\/v2\/media\/24739"}],"wp:attachment":[{"href":"https:\/\/www.esportesbrasilia.com.br\/noticias\/wp-json\/wp\/v2\/media?parent=24768"}],"wp:term":[{"taxonomy":"category","embeddable":true,"href":"https:\/\/www.esportesbrasilia.com.br\/noticias\/wp-json\/wp\/v2\/categories?post=24768"},{"taxonomy":"post_tag","embeddable":true,"href":"https:\/\/www.esportesbrasilia.com.br\/noticias\/wp-json\/wp\/v2\/tags?post=24768"}],"curies":[{"name":"wp","href":"https:\/\/api.w.org\/{rel}","templated":true}]}}