{"id":24750,"date":"2023-10-11T18:46:00","date_gmt":"2023-10-11T21:46:00","guid":{"rendered":"https:\/\/www.esportesbrasilia.com.br\/noticias\/?p=24750"},"modified":"2023-10-11T22:14:26","modified_gmt":"2023-10-12T01:14:26","slug":"brasilia-basquete-repatria-armador-e-anuncia-primeiros-reforcos-para-o-nbb","status":"publish","type":"post","link":"https:\/\/www.esportesbrasilia.com.br\/noticias\/basquete\/brasilia-basquete-repatria-armador-e-anuncia-primeiros-reforcos-para-o-nbb.html","title":{"rendered":"Bras\u00edlia Basquete repatria armador e anuncia primeiros refor\u00e7os para o NBB"},"content":{"rendered":"\n<p>Colaborou Guilherme Moura<\/p>\n\n\n\n<p>O torcedor do Bras\u00edlia Basquete come\u00e7ou a conhecer os refor\u00e7os do time para a temporada 23\/24. Deryk Ramos, Dalaqua e Paulo Louren\u00e7o foram anunciados pelo clube e j\u00e1 est\u00e3o prontos para a estreia do NBB 16 contra o Corinthians, no dia 21 de outubro.<\/p>\n\n\n\n<p>O armador Deryk Ramos, de 1,85 m, volta a vestir a camisa do Bras\u00edlia Basquete e usar\u00e1 a camisa de n\u00famero 9. Ap\u00f3s seis temporadas distante da capital federal, Deryk teve passagens por: Caxias do Sul, Flamengo, Paulistano e Pinheiros. Ele j\u00e1 \u00e9 conhecido pela torcida do Bras\u00edlia Basquete pois foi responsav\u00e9l pela cesta do titulo da Liga Sul-Americana de 2015 no \u00faltimo minuto. Segundo as estat\u00edsticas, o armador soma mais de tr\u00eas mil pontos e 947 assist\u00eancias no NBB.<\/p>\n\n\n\n<figure class=\"wp-block-image size-large\"><img loading=\"lazy\" decoding=\"async\" width=\"1024\" height=\"682\" src=\"https:\/\/www.esportesbrasilia.com.br\/noticias\/wp-content\/uploads\/derykramos_britojr-1024x682.jpg\" alt=\"\" class=\"wp-image-4198\" srcset=\"https:\/\/www.esportesbrasilia.com.br\/noticias\/wp-content\/uploads\/derykramos_britojr-1024x682.jpg 1024w, https:\/\/www.esportesbrasilia.com.br\/noticias\/wp-content\/uploads\/derykramos_britojr-300x200.jpg 300w, https:\/\/www.esportesbrasilia.com.br\/noticias\/wp-content\/uploads\/derykramos_britojr-768x511.jpg 768w, https:\/\/www.esportesbrasilia.com.br\/noticias\/wp-content\/uploads\/derykramos_britojr-696x463.jpg 696w, https:\/\/www.esportesbrasilia.com.br\/noticias\/wp-content\/uploads\/derykramos_britojr-1068x711.jpg 1068w, https:\/\/www.esportesbrasilia.com.br\/noticias\/wp-content\/uploads\/derykramos_britojr-631x420.jpg 631w, https:\/\/www.esportesbrasilia.com.br\/noticias\/wp-content\/uploads\/derykramos_britojr.jpg 2048w\" sizes=\"auto, (max-width: 1024px) 100vw, 1024px\" \/><figcaption class=\"wp-element-caption\">Deryk Ramos jogou pelo Bras\u00edlia em 2017 &#8211; Foto: Brito Junior\/UniCEUB<\/figcaption><\/figure>\n\n\n\n<p>Outro atleta que retorna ao Brasil\u00eda Basquete ap\u00f3s seis anos \u00e9 o mato-grossense Paulo Louren\u00e7o, que estava no arquirrival Cerrado Basquete nas \u00faltimas tr\u00eas temporadas. Com 1,93m, o ala vai vestir a camisa n\u00famero 13. Em sete temporadas na NBB j\u00e1 acumula 1.314 pontos, 626 rebotes e 130 bolas roubadas.<\/p>\n\n\n\n<figure class=\"wp-block-image size-large\"><img loading=\"lazy\" decoding=\"async\" width=\"1024\" height=\"683\" src=\"https:\/\/www.esportesbrasilia.com.br\/noticias\/wp-content\/uploads\/paulolourenco-1024x683.jpeg\" alt=\"\" class=\"wp-image-24431\" srcset=\"https:\/\/www.esportesbrasilia.com.br\/noticias\/wp-content\/uploads\/paulolourenco-1024x683.jpeg 1024w, https:\/\/www.esportesbrasilia.com.br\/noticias\/wp-content\/uploads\/paulolourenco-300x200.jpeg 300w, https:\/\/www.esportesbrasilia.com.br\/noticias\/wp-content\/uploads\/paulolourenco-768x512.jpeg 768w, https:\/\/www.esportesbrasilia.com.br\/noticias\/wp-content\/uploads\/paulolourenco.jpeg 1368w\" sizes=\"auto, (max-width: 1024px) 100vw, 1024px\" \/><figcaption class=\"wp-element-caption\">Paulo Louren\u00e7o deixou o Cerrado Basquete ap\u00f3s tr\u00eas temporadas &#8211; Foto: Mateus Te\u00f3filo\/Cerrado Basquete<\/figcaption><\/figure>\n\n\n\n<p>Chegando para a quinta temporada na NBB, o jovem Felipe Dalaqua, de 23 anos, \u00e9 o novo armador do Bras\u00edlia Basquete. O jovem tem como caracteristica o arremeso de tr\u00eas pontos e vis\u00e3o de jogo e chega ao Brasil\u00eda ap\u00f3s quatro temporadas no Corinthians. Felipe vai vestir a camisa 8.<\/p>\n","protected":false},"excerpt":{"rendered":"<p>Colaborou Guilherme Moura O torcedor do Bras\u00edlia Basquete come\u00e7ou a conhecer os refor\u00e7os do time para a temporada 23\/24. Deryk Ramos, Dalaqua e Paulo Louren\u00e7o foram anunciados pelo clube e j\u00e1 est\u00e3o prontos para a estreia do NBB 16 contra o Corinthians, no dia 21 de outubro. O armador Deryk Ramos, de 1,85 m, volta [&hellip;]<\/p>\n","protected":false},"author":2,"featured_media":14847,"comment_status":"closed","ping_status":"closed","sticky":false,"template":"","format":"standard","meta":{"footnotes":""},"categories":[12],"tags":[],"class_list":["post-24750","post","type-post","status-publish","format-standard","has-post-thumbnail","hentry","category-basquete"],"_links":{"self":[{"href":"https:\/\/www.esportesbrasilia.com.br\/noticias\/wp-json\/wp\/v2\/posts\/24750","targetHints":{"allow":["GET"]}}],"collection":[{"href":"https:\/\/www.esportesbrasilia.com.br\/noticias\/wp-json\/wp\/v2\/posts"}],"about":[{"href":"https:\/\/www.esportesbrasilia.com.br\/noticias\/wp-json\/wp\/v2\/types\/post"}],"author":[{"embeddable":true,"href":"https:\/\/www.esportesbrasilia.com.br\/noticias\/wp-json\/wp\/v2\/users\/2"}],"replies":[{"embeddable":true,"href":"https:\/\/www.esportesbrasilia.com.br\/noticias\/wp-json\/wp\/v2\/comments?post=24750"}],"version-history":[{"count":1,"href":"https:\/\/www.esportesbrasilia.com.br\/noticias\/wp-json\/wp\/v2\/posts\/24750\/revisions"}],"predecessor-version":[{"id":24751,"href":"https:\/\/www.esportesbrasilia.com.br\/noticias\/wp-json\/wp\/v2\/posts\/24750\/revisions\/24751"}],"wp:featuredmedia":[{"embeddable":true,"href":"https:\/\/www.esportesbrasilia.com.br\/noticias\/wp-json\/wp\/v2\/media\/14847"}],"wp:attachment":[{"href":"https:\/\/www.esportesbrasilia.com.br\/noticias\/wp-json\/wp\/v2\/media?parent=24750"}],"wp:term":[{"taxonomy":"category","embeddable":true,"href":"https:\/\/www.esportesbrasilia.com.br\/noticias\/wp-json\/wp\/v2\/categories?post=24750"},{"taxonomy":"post_tag","embeddable":true,"href":"https:\/\/www.esportesbrasilia.com.br\/noticias\/wp-json\/wp\/v2\/tags?post=24750"}],"curies":[{"name":"wp","href":"https:\/\/api.w.org\/{rel}","templated":true}]}}