{"id":24730,"date":"2023-10-06T21:26:24","date_gmt":"2023-10-07T00:26:24","guid":{"rendered":"https:\/\/www.esportesbrasilia.com.br\/noticias\/?p=24730"},"modified":"2023-10-06T21:26:25","modified_gmt":"2023-10-07T00:26:25","slug":"depois-de-flertar-com-brasilia-classico-sul-americano-sera-disputado-no-rio-de-janeiro","status":"publish","type":"post","link":"https:\/\/www.esportesbrasilia.com.br\/noticias\/futebol\/depois-de-flertar-com-brasilia-classico-sul-americano-sera-disputado-no-rio-de-janeiro.html","title":{"rendered":"Depois de flertar com Bras\u00edlia, cl\u00e1ssico sul-americano ser\u00e1 disputado no Rio de Janeiro"},"content":{"rendered":"\n<p>A capital federal n\u00e3o recebe uma partida da sele\u00e7\u00e3o brasileira de futebol h\u00e1 dois anos, desde que o Brasil participou da Copa Am\u00e9rica de Futebol em 2021. E deve permanecer assim por um bom tempo.<\/p>\n\n\n\n<p>Bras\u00edlia concorria para receber o confronto entre Brasil e Argentina, v\u00e1lido pelas Eliminat\u00f3rias da Copa do Mundo da FIFA em 2026. No entanto, na noite desta sexta-feira (06), a CBF divulgou uma nota informando que escolheu a cidade do Rio de Janeiro para receber a partida.<\/p>\n\n\n\n<p>&#8220;A CBF recebeu o convite de diversos lugares do Brasil e do mundo para receber este que \u00e9 um dos maiores cl\u00e1ssicos do futebol mundial. A op\u00e7\u00e3o pelo Maracan\u00e3, entre tantos locais que estariam a altura de receber uma partida como essa, se deu n\u00e3o s\u00f3 pela quest\u00e3o log\u00edstica, condi\u00e7\u00f5es de treinamento e de deslocamento, que s\u00e3o prioridades, mas por ser tamb\u00e9m uma premissa da nossa gest\u00e3o aproximar a Sele\u00e7\u00e3o dos torcedores de todas as regi\u00f5es do Brasil. J\u00e1 tivemos uma partida na regi\u00e3o Norte, em breve no Centro-Oeste e depois ser\u00e1 a vez da regi\u00e3o Sudeste ser contemplada. E assim vamos seguir, respeitando sempre as condi\u00e7\u00f5es ideais para o melhor desempenho da Sele\u00e7\u00e3o Brasileira. Tenho certeza que o est\u00e1dio mais conhecido do mundo ser\u00e1 palco de uma grande festa do futebol&#8221;, afirmou o presidente da CBF, Ednaldo Rodrigues, por meio de nota oficial.<\/p>\n\n\n\n<p>Brasil e Argentina se enfrentam no est\u00e1dio do Maracan\u00e3, no Rio de Janeiro, no dia 21 de novembro, \u00e0s 21h30.<\/p>\n","protected":false},"excerpt":{"rendered":"<p>A capital federal n\u00e3o recebe uma partida da sele\u00e7\u00e3o brasileira de futebol h\u00e1 dois anos, desde que o Brasil participou da Copa Am\u00e9rica de Futebol em 2021. E deve permanecer assim por um bom tempo. Bras\u00edlia concorria para receber o confronto entre Brasil e Argentina, v\u00e1lido pelas Eliminat\u00f3rias da Copa do Mundo da FIFA em [&hellip;]<\/p>\n","protected":false},"author":2,"featured_media":10770,"comment_status":"closed","ping_status":"closed","sticky":false,"template":"","format":"standard","meta":{"footnotes":""},"categories":[8],"tags":[],"class_list":["post-24730","post","type-post","status-publish","format-standard","has-post-thumbnail","hentry","category-futebol"],"_links":{"self":[{"href":"https:\/\/www.esportesbrasilia.com.br\/noticias\/wp-json\/wp\/v2\/posts\/24730","targetHints":{"allow":["GET"]}}],"collection":[{"href":"https:\/\/www.esportesbrasilia.com.br\/noticias\/wp-json\/wp\/v2\/posts"}],"about":[{"href":"https:\/\/www.esportesbrasilia.com.br\/noticias\/wp-json\/wp\/v2\/types\/post"}],"author":[{"embeddable":true,"href":"https:\/\/www.esportesbrasilia.com.br\/noticias\/wp-json\/wp\/v2\/users\/2"}],"replies":[{"embeddable":true,"href":"https:\/\/www.esportesbrasilia.com.br\/noticias\/wp-json\/wp\/v2\/comments?post=24730"}],"version-history":[{"count":1,"href":"https:\/\/www.esportesbrasilia.com.br\/noticias\/wp-json\/wp\/v2\/posts\/24730\/revisions"}],"predecessor-version":[{"id":24731,"href":"https:\/\/www.esportesbrasilia.com.br\/noticias\/wp-json\/wp\/v2\/posts\/24730\/revisions\/24731"}],"wp:featuredmedia":[{"embeddable":true,"href":"https:\/\/www.esportesbrasilia.com.br\/noticias\/wp-json\/wp\/v2\/media\/10770"}],"wp:attachment":[{"href":"https:\/\/www.esportesbrasilia.com.br\/noticias\/wp-json\/wp\/v2\/media?parent=24730"}],"wp:term":[{"taxonomy":"category","embeddable":true,"href":"https:\/\/www.esportesbrasilia.com.br\/noticias\/wp-json\/wp\/v2\/categories?post=24730"},{"taxonomy":"post_tag","embeddable":true,"href":"https:\/\/www.esportesbrasilia.com.br\/noticias\/wp-json\/wp\/v2\/tags?post=24730"}],"curies":[{"name":"wp","href":"https:\/\/api.w.org\/{rel}","templated":true}]}}