{"id":24721,"date":"2023-10-03T18:06:00","date_gmt":"2023-10-03T21:06:00","guid":{"rendered":"https:\/\/www.esportesbrasilia.com.br\/noticias\/?p=24721"},"modified":"2023-10-04T20:09:22","modified_gmt":"2023-10-04T23:09:22","slug":"cerrado-perde-segundo-amistoso-para-o-minas-em-belo-horizonte","status":"publish","type":"post","link":"https:\/\/www.esportesbrasilia.com.br\/noticias\/basquete\/cerrado-perde-segundo-amistoso-para-o-minas-em-belo-horizonte.html","title":{"rendered":"Cerrado perde segundo amistoso para o Minas em Belo Horizonte"},"content":{"rendered":"\n<p><strong>Foto: Hedgard Moraes\/MTC<\/strong><\/p>\n\n\n\n<p>O Cerrado Basquete encerrou a s\u00e9rie de amistosos preparat\u00f3rios para o Novo Basquete Brasil neste fim de semana. O time foi at\u00e9 Belo Horizonte\/MG para enfrentar, em dois jogos, o Minas T\u00eanis Clube.<\/p>\n\n\n\n<p>Ap\u00f3s perder o primeiro jogo por 72&#215;69, o time comandado por R\u00e9gis Marrelli perdeu o segundo confronto. Desta vez, o placar foi favor\u00e1vel aos mineiros em 88&#215;82.<\/p>\n\n\n\n<p>Existia a expectativa de que a equipe fosse at\u00e9 o Rio Grande do Sul para disputar mais amistosos preparat\u00f3rios para a competi\u00e7\u00e3o. No entanto, a diretoria do Cerrado confirmou \u00e0 reportagem da Esportes Bras\u00edlia que n\u00e3o participar\u00e1 desses confrontos.<\/p>\n\n\n\n<p>Ainda de acordo com a diretoria, o time est\u00e1 negociando um amistoso contra o Flamengo, em local, hor\u00e1rio e data a serem definidos.<\/p>\n\n\n\n<p>A estreia do Cerrado Basquete no NBB ser\u00e1 no dia 21 de outubro, diante do Pinheiros\/SP, no Gin\u00e1sio da AsCEB, na 904 Sul.<\/p>\n","protected":false},"excerpt":{"rendered":"<p>Foto: Hedgard Moraes\/MTC O Cerrado Basquete encerrou a s\u00e9rie de amistosos preparat\u00f3rios para o Novo Basquete Brasil neste fim de semana. O time foi at\u00e9 Belo Horizonte\/MG para enfrentar, em dois jogos, o Minas T\u00eanis Clube. Ap\u00f3s perder o primeiro jogo por 72&#215;69, o time comandado por R\u00e9gis Marrelli perdeu o segundo confronto. Desta vez, [&hellip;]<\/p>\n","protected":false},"author":2,"featured_media":24722,"comment_status":"closed","ping_status":"closed","sticky":false,"template":"","format":"standard","meta":{"footnotes":""},"categories":[12],"tags":[],"class_list":["post-24721","post","type-post","status-publish","format-standard","has-post-thumbnail","hentry","category-basquete"],"_links":{"self":[{"href":"https:\/\/www.esportesbrasilia.com.br\/noticias\/wp-json\/wp\/v2\/posts\/24721","targetHints":{"allow":["GET"]}}],"collection":[{"href":"https:\/\/www.esportesbrasilia.com.br\/noticias\/wp-json\/wp\/v2\/posts"}],"about":[{"href":"https:\/\/www.esportesbrasilia.com.br\/noticias\/wp-json\/wp\/v2\/types\/post"}],"author":[{"embeddable":true,"href":"https:\/\/www.esportesbrasilia.com.br\/noticias\/wp-json\/wp\/v2\/users\/2"}],"replies":[{"embeddable":true,"href":"https:\/\/www.esportesbrasilia.com.br\/noticias\/wp-json\/wp\/v2\/comments?post=24721"}],"version-history":[{"count":1,"href":"https:\/\/www.esportesbrasilia.com.br\/noticias\/wp-json\/wp\/v2\/posts\/24721\/revisions"}],"predecessor-version":[{"id":24723,"href":"https:\/\/www.esportesbrasilia.com.br\/noticias\/wp-json\/wp\/v2\/posts\/24721\/revisions\/24723"}],"wp:featuredmedia":[{"embeddable":true,"href":"https:\/\/www.esportesbrasilia.com.br\/noticias\/wp-json\/wp\/v2\/media\/24722"}],"wp:attachment":[{"href":"https:\/\/www.esportesbrasilia.com.br\/noticias\/wp-json\/wp\/v2\/media?parent=24721"}],"wp:term":[{"taxonomy":"category","embeddable":true,"href":"https:\/\/www.esportesbrasilia.com.br\/noticias\/wp-json\/wp\/v2\/categories?post=24721"},{"taxonomy":"post_tag","embeddable":true,"href":"https:\/\/www.esportesbrasilia.com.br\/noticias\/wp-json\/wp\/v2\/tags?post=24721"}],"curies":[{"name":"wp","href":"https:\/\/api.w.org\/{rel}","templated":true}]}}