{"id":24715,"date":"2023-09-29T14:23:31","date_gmt":"2023-09-29T17:23:31","guid":{"rendered":"https:\/\/www.esportesbrasilia.com.br\/noticias\/?p=24715"},"modified":"2023-09-29T14:23:32","modified_gmt":"2023-09-29T17:23:32","slug":"cerrado-basquete-realiza-amistosos-de-olho-no-novo-basquete-brasil","status":"publish","type":"post","link":"https:\/\/www.esportesbrasilia.com.br\/noticias\/basquete\/cerrado-basquete-realiza-amistosos-de-olho-no-novo-basquete-brasil.html","title":{"rendered":"Cerrado Basquete realiza amistosos de olho no Novo Basquete Brasil"},"content":{"rendered":"\n<p>O Cerrado Basquete come\u00e7ou a pr\u00e9-temporada 2023 visando a disputa do Novo Basquete Brasil. A equipe ter\u00e1 como comandante o veterano R\u00e9gis Marrelli.<\/p>\n\n\n\n<p>Mantendo alguns jogadores da \u00faltima edi\u00e7\u00e3o do NBB e trazendo novos refor\u00e7os, o time realiza, nesta semana, dois amistosos em Belo Horizonte\/MG, diante do Minas T\u00eanis Clube.<\/p>\n\n\n\n<p>O primeiro foi disputado na \u00faltima quinta-feira (28). Os mineiros venceram por 72&#215;69. Esse jogo foi disputado com port\u00f5es fechados ao torcedor. J\u00e1 nesta sexta-feira (29), \u00e0s 19h30, acontece o segundo amistoso, mas com port\u00f5es abertos.<\/p>\n\n\n\n<p>Segundo Felipe Bretas, diretor do Cerrado Basquete, o time ainda deve realizar mais uma s\u00e9rie de amistosos no Rio Grande do Sul, antes da estreia contra o Pinheiros\/SP, no dia 21 de outubro. Alguns tr\u00e2mites estariam sendo finalizados para que as partidas aconte\u00e7am em territ\u00f3rio ga\u00facho.<\/p>\n\n\n\n<p>Na temporada 2022\/2023, o Cerrado Basquete terminou o campeonato na lanterna, em 17\u00ba lugar.<\/p>\n","protected":false},"excerpt":{"rendered":"<p>O Cerrado Basquete come\u00e7ou a pr\u00e9-temporada 2023 visando a disputa do Novo Basquete Brasil. A equipe ter\u00e1 como comandante o veterano R\u00e9gis Marrelli. Mantendo alguns jogadores da \u00faltima edi\u00e7\u00e3o do NBB e trazendo novos refor\u00e7os, o time realiza, nesta semana, dois amistosos em Belo Horizonte\/MG, diante do Minas T\u00eanis Clube. O primeiro foi disputado na [&hellip;]<\/p>\n","protected":false},"author":2,"featured_media":7081,"comment_status":"closed","ping_status":"closed","sticky":false,"template":"","format":"standard","meta":{"footnotes":""},"categories":[12],"tags":[],"class_list":["post-24715","post","type-post","status-publish","format-standard","has-post-thumbnail","hentry","category-basquete"],"_links":{"self":[{"href":"https:\/\/www.esportesbrasilia.com.br\/noticias\/wp-json\/wp\/v2\/posts\/24715","targetHints":{"allow":["GET"]}}],"collection":[{"href":"https:\/\/www.esportesbrasilia.com.br\/noticias\/wp-json\/wp\/v2\/posts"}],"about":[{"href":"https:\/\/www.esportesbrasilia.com.br\/noticias\/wp-json\/wp\/v2\/types\/post"}],"author":[{"embeddable":true,"href":"https:\/\/www.esportesbrasilia.com.br\/noticias\/wp-json\/wp\/v2\/users\/2"}],"replies":[{"embeddable":true,"href":"https:\/\/www.esportesbrasilia.com.br\/noticias\/wp-json\/wp\/v2\/comments?post=24715"}],"version-history":[{"count":1,"href":"https:\/\/www.esportesbrasilia.com.br\/noticias\/wp-json\/wp\/v2\/posts\/24715\/revisions"}],"predecessor-version":[{"id":24716,"href":"https:\/\/www.esportesbrasilia.com.br\/noticias\/wp-json\/wp\/v2\/posts\/24715\/revisions\/24716"}],"wp:featuredmedia":[{"embeddable":true,"href":"https:\/\/www.esportesbrasilia.com.br\/noticias\/wp-json\/wp\/v2\/media\/7081"}],"wp:attachment":[{"href":"https:\/\/www.esportesbrasilia.com.br\/noticias\/wp-json\/wp\/v2\/media?parent=24715"}],"wp:term":[{"taxonomy":"category","embeddable":true,"href":"https:\/\/www.esportesbrasilia.com.br\/noticias\/wp-json\/wp\/v2\/categories?post=24715"},{"taxonomy":"post_tag","embeddable":true,"href":"https:\/\/www.esportesbrasilia.com.br\/noticias\/wp-json\/wp\/v2\/tags?post=24715"}],"curies":[{"name":"wp","href":"https:\/\/api.w.org\/{rel}","templated":true}]}}