{"id":24713,"date":"2023-09-29T09:30:41","date_gmt":"2023-09-29T12:30:41","guid":{"rendered":"https:\/\/www.esportesbrasilia.com.br\/noticias\/?p=24713"},"modified":"2023-09-29T09:30:42","modified_gmt":"2023-09-29T12:30:42","slug":"tecnico-com-passagens-pelo-formosa-esporte-morre-aos-43-anos","status":"publish","type":"post","link":"https:\/\/www.esportesbrasilia.com.br\/noticias\/futebol\/tecnico-com-passagens-pelo-formosa-esporte-morre-aos-43-anos.html","title":{"rendered":"T\u00e9cnico com passagens pelo Formosa Esporte morre aos 43 anos"},"content":{"rendered":"\n<p>O futebol do Centro-Oeste est\u00e1 de luto. O t\u00e9cnico Lucas de Oliveira, de 43 anos, faleceu nesta quinta-feira (28), ap\u00f3s sofrer um infarto.<\/p>\n\n\n\n<p>Lucas treinava o Mineiros\/GO, time que disputa a terceira divis\u00e3o do futebol goiano e j\u00e1 teve passagens por outras equipes da regi\u00e3o, como Jataiense, Morrinhos, Anapolina, Goi\u00e2nia e o sub-20 do Atl\u00e9tico Goianiense.<\/p>\n\n\n\n<p>O jovem t\u00e9cnico teve passagens pelo futebol candango. Em duas oportunidades, em 2016 e 2018, Lucas treinou o Formosa Esporte na disputa do Candang\u00e3o.<\/p>\n\n\n\n<p>O hor\u00e1rio e local do vel\u00f3rio e do enterro ainda n\u00e3o foram divulgados.<\/p>\n","protected":false},"excerpt":{"rendered":"<p>O futebol do Centro-Oeste est\u00e1 de luto. O t\u00e9cnico Lucas de Oliveira, de 43 anos, faleceu nesta quinta-feira (28), ap\u00f3s sofrer um infarto. Lucas treinava o Mineiros\/GO, time que disputa a terceira divis\u00e3o do futebol goiano e j\u00e1 teve passagens por outras equipes da regi\u00e3o, como Jataiense, Morrinhos, Anapolina, Goi\u00e2nia e o sub-20 do Atl\u00e9tico [&hellip;]<\/p>\n","protected":false},"author":2,"featured_media":6306,"comment_status":"closed","ping_status":"closed","sticky":false,"template":"","format":"standard","meta":{"footnotes":""},"categories":[8],"tags":[],"class_list":["post-24713","post","type-post","status-publish","format-standard","has-post-thumbnail","hentry","category-futebol"],"_links":{"self":[{"href":"https:\/\/www.esportesbrasilia.com.br\/noticias\/wp-json\/wp\/v2\/posts\/24713","targetHints":{"allow":["GET"]}}],"collection":[{"href":"https:\/\/www.esportesbrasilia.com.br\/noticias\/wp-json\/wp\/v2\/posts"}],"about":[{"href":"https:\/\/www.esportesbrasilia.com.br\/noticias\/wp-json\/wp\/v2\/types\/post"}],"author":[{"embeddable":true,"href":"https:\/\/www.esportesbrasilia.com.br\/noticias\/wp-json\/wp\/v2\/users\/2"}],"replies":[{"embeddable":true,"href":"https:\/\/www.esportesbrasilia.com.br\/noticias\/wp-json\/wp\/v2\/comments?post=24713"}],"version-history":[{"count":1,"href":"https:\/\/www.esportesbrasilia.com.br\/noticias\/wp-json\/wp\/v2\/posts\/24713\/revisions"}],"predecessor-version":[{"id":24714,"href":"https:\/\/www.esportesbrasilia.com.br\/noticias\/wp-json\/wp\/v2\/posts\/24713\/revisions\/24714"}],"wp:featuredmedia":[{"embeddable":true,"href":"https:\/\/www.esportesbrasilia.com.br\/noticias\/wp-json\/wp\/v2\/media\/6306"}],"wp:attachment":[{"href":"https:\/\/www.esportesbrasilia.com.br\/noticias\/wp-json\/wp\/v2\/media?parent=24713"}],"wp:term":[{"taxonomy":"category","embeddable":true,"href":"https:\/\/www.esportesbrasilia.com.br\/noticias\/wp-json\/wp\/v2\/categories?post=24713"},{"taxonomy":"post_tag","embeddable":true,"href":"https:\/\/www.esportesbrasilia.com.br\/noticias\/wp-json\/wp\/v2\/tags?post=24713"}],"curies":[{"name":"wp","href":"https:\/\/api.w.org\/{rel}","templated":true}]}}