{"id":24680,"date":"2023-09-18T17:31:51","date_gmt":"2023-09-18T20:31:51","guid":{"rendered":"https:\/\/www.esportesbrasilia.com.br\/noticias\/?p=24680"},"modified":"2023-09-18T17:31:51","modified_gmt":"2023-09-18T20:31:51","slug":"ha-um-pouco-de-brasiliense-no-flamengo","status":"publish","type":"post","link":"https:\/\/www.esportesbrasilia.com.br\/noticias\/colunas\/notatico\/ha-um-pouco-de-brasiliense-no-flamengo.html","title":{"rendered":"H\u00e1 um pouco de Brasiliense no Flamengo"},"content":{"rendered":"\n<p>Paulo Martins<\/p>\n\n\n\n<p>Basta bater as imagens para comparar, mais al\u00e9m das diferentes propor\u00e7\u00f5es hist\u00f3ricas entre um dos maiores clubes do mundo e o time candango. Aperto e cobran\u00e7a da torcida, elenco badalado, indecis\u00e3o sobre o t\u00e9cnico e frustra\u00e7\u00e3o esportiva s\u00e3o coisas em comum.<\/p>\n\n\n\n<p>\u00c9 claro que o rubro-negro pode ser ainda campe\u00e3o da Copa do Brasil, mas est\u00e1 muito mais cotado a tirar a piada do S\u00e3o Paulo, ainda sem esta ta\u00e7a na sala de trof\u00e9us. \u00c9 um retrato de escala fiel ao perder para um time de menor elenco, mas de mais organiza\u00e7\u00e3o, como o Jacar\u00e9 caiu na final do Candang\u00e3o para o Real Bras\u00edlia.<\/p>\n\n\n\n<p>Ainda, na principal competi\u00e7\u00e3o de cada um do ano, mais uma semelhan\u00e7a conta. Na Libertadores, o Fla caiu prematuramente contra um time contra quem p\u00f4de competir mais, mas n\u00e3o fez, enquanto o Ense enfrentou a mesma cena na S\u00e9rie D, ao ficar pelo caminho para o Athletic, que sequer subiu.<\/p>\n\n\n\n<p>Outra similaridade est\u00e1 em um elenco que mais envelhece do que joga, apesar de manter o ritmo competitivo e eventualmente vencedor, pelo poderio de montagem dos times. Mesmo os refor\u00e7os, sempre barulhentos, pouca coisa mudam na realidade de lado a lado.<\/p>\n\n\n\n<p>Com fonte financeira em Bras\u00edlia, a quest\u00e3o do dinheiro \u00e9 um outro tema que fica para o bastidor, de lado a lado, al\u00e9m das gest\u00f5es sempre questionadas por todos os lados. Ainda que quatro divis\u00f5es e 18 anos sem confrontos diretos separem ambos, h\u00e1 um pouco de Brasiliense no Flamengo. E vice-versa.<\/p>\n","protected":false},"excerpt":{"rendered":"<p>Paulo Martins Basta bater as imagens para comparar, mais al\u00e9m das diferentes propor\u00e7\u00f5es hist\u00f3ricas entre um dos maiores clubes do mundo e o time candango. Aperto e cobran\u00e7a da torcida, elenco badalado, indecis\u00e3o sobre o t\u00e9cnico e frustra\u00e7\u00e3o esportiva s\u00e3o coisas em comum. \u00c9 claro que o rubro-negro pode ser ainda campe\u00e3o da Copa do [&hellip;]<\/p>\n","protected":false},"author":1,"featured_media":23087,"comment_status":"closed","ping_status":"closed","sticky":false,"template":"","format":"standard","meta":{"footnotes":""},"categories":[1029],"tags":[],"class_list":["post-24680","post","type-post","status-publish","format-standard","has-post-thumbnail","hentry","category-notatico"],"_links":{"self":[{"href":"https:\/\/www.esportesbrasilia.com.br\/noticias\/wp-json\/wp\/v2\/posts\/24680","targetHints":{"allow":["GET"]}}],"collection":[{"href":"https:\/\/www.esportesbrasilia.com.br\/noticias\/wp-json\/wp\/v2\/posts"}],"about":[{"href":"https:\/\/www.esportesbrasilia.com.br\/noticias\/wp-json\/wp\/v2\/types\/post"}],"author":[{"embeddable":true,"href":"https:\/\/www.esportesbrasilia.com.br\/noticias\/wp-json\/wp\/v2\/users\/1"}],"replies":[{"embeddable":true,"href":"https:\/\/www.esportesbrasilia.com.br\/noticias\/wp-json\/wp\/v2\/comments?post=24680"}],"version-history":[{"count":1,"href":"https:\/\/www.esportesbrasilia.com.br\/noticias\/wp-json\/wp\/v2\/posts\/24680\/revisions"}],"predecessor-version":[{"id":24681,"href":"https:\/\/www.esportesbrasilia.com.br\/noticias\/wp-json\/wp\/v2\/posts\/24680\/revisions\/24681"}],"wp:featuredmedia":[{"embeddable":true,"href":"https:\/\/www.esportesbrasilia.com.br\/noticias\/wp-json\/wp\/v2\/media\/23087"}],"wp:attachment":[{"href":"https:\/\/www.esportesbrasilia.com.br\/noticias\/wp-json\/wp\/v2\/media?parent=24680"}],"wp:term":[{"taxonomy":"category","embeddable":true,"href":"https:\/\/www.esportesbrasilia.com.br\/noticias\/wp-json\/wp\/v2\/categories?post=24680"},{"taxonomy":"post_tag","embeddable":true,"href":"https:\/\/www.esportesbrasilia.com.br\/noticias\/wp-json\/wp\/v2\/tags?post=24680"}],"curies":[{"name":"wp","href":"https:\/\/api.w.org\/{rel}","templated":true}]}}