{"id":24660,"date":"2023-09-11T18:31:00","date_gmt":"2023-09-11T21:31:00","guid":{"rendered":"https:\/\/www.esportesbrasilia.com.br\/noticias\/?p=24660"},"modified":"2023-09-13T09:32:42","modified_gmt":"2023-09-13T12:32:42","slug":"neymar-o-que-tinha-para-ser-pele-mas-nao-foi","status":"publish","type":"post","link":"https:\/\/www.esportesbrasilia.com.br\/noticias\/colunas\/notatico\/neymar-o-que-tinha-para-ser-pele-mas-nao-foi.html","title":{"rendered":"Neymar: o que tinha para ser Pel\u00e9, mas n\u00e3o foi"},"content":{"rendered":"\n<p>Paulo Martins<\/p>\n\n\n\n<p>A artilharia da hist\u00f3ria da Sele\u00e7\u00e3o Brasileira \u00e9 um fator a ser batido por algu\u00e9m em um futuro n\u00e3o t\u00e3o distante, com a mesma propor\u00e7\u00e3o de jogos internacionais. Algo distinto da era de Pel\u00e9.<\/p>\n\n\n\n<p>N\u00e3o apenas em n\u00fameros (e melhor dizendo, por \u00faltimo neles) devemos comparar o Rei do Futebol com Neymar. S\u00e3o contextos diferentes do esporte, onde o n\u00famero de Copas do Mundo n\u00e3o tende a ser o balizador.<\/p>\n\n\n\n<p>O camisa 10 do Brasil \u00e9 um reflexo claro da sociedade nacional. Cheio de expectativas, com um potencial \u00fanico no mundo, mas que perde oportunidades \u00fanicas de ser mais e melhor. Em um planeta que tinha tudo para compararmos os craques, apenas um escolheu por se tornar uma lenda.<\/p>\n\n\n\n<p>Pode n\u00e3o ser o pr\u00f3prio jogador 100% culpado de ter feito a carreira dessa maneira. Entretanto, bastante passada a maioridade f\u00edsica, n\u00e3o alcan\u00e7ou a maioridade intelectual que desejava, dentro do conceito do fil\u00f3sofo Immanuel Kant.<\/p>\n\n\n\n<p>N\u00e3o tenho a menor d\u00favida de que Neymar foi o melhor jogador do mundo em 2014\/2015, naquela temporada espetacular pelo Barcelona. Foi o maior referente do trio MSN. Mas h\u00e1 um pre\u00e7o por querer aparecer mais que o sol.<\/p>\n\n\n\n<p>Neymar enterrou a carreira com a ida sem sentido ao Paris Saint-Germain (onde nem mesmo Kylian Mbapp\u00e9 quer ficar) e na atua\u00e7\u00e3o de teatro da Copa do Mundo de 2018. J\u00e1 multimilion\u00e1rio, foi \u00e0 Ar\u00e1bia Saudita garantir um restante de vida tranquilo e suficiente.<\/p>\n\n\n\n<p>Aquele rapaz de Mogi Mirim que encantou o pa\u00eds, a Am\u00e9rica e a Terra com o Santos tinha pernas espetaculares. Dribles, gola\u00e7os e uma magia implac\u00e1veis. Era a esperan\u00e7a de todo um Brasil. Ainda que dissessem que ele estava &#8220;sozinho&#8221; na Sele\u00e7\u00e3o. Se estava, pelo n\u00edvel do elenco que o acompanhava, Rom\u00e1rio tamb\u00e9m era solit\u00e1rio em 1994.<\/p>\n\n\n\n<p>Divisor de opini\u00f5es entre sua personalidade e a bola que jogava, ofuscando as not\u00edcias negativas, j\u00e1 \u00e9 esperada a sua sa\u00edda breve do selecionado. Hoje, ningu\u00e9m se importa tanto com ele. Era um astro, uma estrela, hoje j\u00e1 n\u00e3o brilha. Passados os 30, o antes menino n\u00e3o \u00e9 p\u00e1reo para ser o melhor do mundo como homem. Neymar tinha de tudo para ser Pel\u00e9, mas n\u00e3o foi.<\/p>\n","protected":false},"excerpt":{"rendered":"<p>Paulo Martins A artilharia da hist\u00f3ria da Sele\u00e7\u00e3o Brasileira \u00e9 um fator a ser batido por algu\u00e9m em um futuro n\u00e3o t\u00e3o distante, com a mesma propor\u00e7\u00e3o de jogos internacionais. Algo distinto da era de Pel\u00e9. N\u00e3o apenas em n\u00fameros (e melhor dizendo, por \u00faltimo neles) devemos comparar o Rei do Futebol com Neymar. S\u00e3o [&hellip;]<\/p>\n","protected":false},"author":1,"featured_media":23087,"comment_status":"closed","ping_status":"closed","sticky":false,"template":"","format":"standard","meta":{"footnotes":""},"categories":[1029],"tags":[],"class_list":["post-24660","post","type-post","status-publish","format-standard","has-post-thumbnail","hentry","category-notatico"],"_links":{"self":[{"href":"https:\/\/www.esportesbrasilia.com.br\/noticias\/wp-json\/wp\/v2\/posts\/24660","targetHints":{"allow":["GET"]}}],"collection":[{"href":"https:\/\/www.esportesbrasilia.com.br\/noticias\/wp-json\/wp\/v2\/posts"}],"about":[{"href":"https:\/\/www.esportesbrasilia.com.br\/noticias\/wp-json\/wp\/v2\/types\/post"}],"author":[{"embeddable":true,"href":"https:\/\/www.esportesbrasilia.com.br\/noticias\/wp-json\/wp\/v2\/users\/1"}],"replies":[{"embeddable":true,"href":"https:\/\/www.esportesbrasilia.com.br\/noticias\/wp-json\/wp\/v2\/comments?post=24660"}],"version-history":[{"count":1,"href":"https:\/\/www.esportesbrasilia.com.br\/noticias\/wp-json\/wp\/v2\/posts\/24660\/revisions"}],"predecessor-version":[{"id":24661,"href":"https:\/\/www.esportesbrasilia.com.br\/noticias\/wp-json\/wp\/v2\/posts\/24660\/revisions\/24661"}],"wp:featuredmedia":[{"embeddable":true,"href":"https:\/\/www.esportesbrasilia.com.br\/noticias\/wp-json\/wp\/v2\/media\/23087"}],"wp:attachment":[{"href":"https:\/\/www.esportesbrasilia.com.br\/noticias\/wp-json\/wp\/v2\/media?parent=24660"}],"wp:term":[{"taxonomy":"category","embeddable":true,"href":"https:\/\/www.esportesbrasilia.com.br\/noticias\/wp-json\/wp\/v2\/categories?post=24660"},{"taxonomy":"post_tag","embeddable":true,"href":"https:\/\/www.esportesbrasilia.com.br\/noticias\/wp-json\/wp\/v2\/tags?post=24660"}],"curies":[{"name":"wp","href":"https:\/\/api.w.org\/{rel}","templated":true}]}}