{"id":24645,"date":"2023-09-06T15:03:00","date_gmt":"2023-09-06T18:03:00","guid":{"rendered":"https:\/\/www.esportesbrasilia.com.br\/noticias\/?p=24645"},"modified":"2023-09-09T19:58:30","modified_gmt":"2023-09-09T22:58:30","slug":"gdf-anuncia-reforma-do-estadio-adonir-guimaraes-em-planaltina","status":"publish","type":"post","link":"https:\/\/www.esportesbrasilia.com.br\/noticias\/futebol\/gdf-anuncia-reforma-do-estadio-adonir-guimaraes-em-planaltina.html","title":{"rendered":"GDF anuncia reforma do est\u00e1dio Adonir Guimar\u00e3es em Planaltina"},"content":{"rendered":"\n<p><strong>Foto: Alessandro Gabiru\/O Di\u00e1rio do Planalto<\/strong><\/p>\n\n\n\n<p>Jogo, campo. torcida, gramado e gol. Essas s\u00e3o algumas das caracter\u00edsticas que voc\u00ea encontra nos est\u00e1dios de futebol espalhados pelo mundo. Mas, quando n\u00e3o acontecem jogos ou eventos no local, o ambiente que era de torcida, casa cheia, momentos memor\u00e1veis, acaba dando espa\u00e7o para um ambiente n\u00e3o t\u00e3o agrad\u00e1vel, o tem\u00edvel &#8220;elefante branco&#8221;.<\/p>\n\n\n\n<p>E foi isso que aconteceu com o est\u00e1dio Adonir Guimar\u00e3es, localizado em Planaltina, que n\u00e3o recebe um jogo oficial desde o dia 07 de setembro de 2012. A bola rolou pela \u00faltima vez na a partida entre Planaltina 1&#215;2 Cruzeiro-DF, pela segunda divis\u00e3o do Campeonato Brasiliense.<\/p>\n\n\n\n<p>O local, que j\u00e1 recebeu grandes jogadores da regi\u00e3o e futebol nacional, hoje n\u00e3o est\u00e1 em um melhor momento. Entretanto, essa situa\u00e7\u00e3o est\u00e1 com os dias contados. De acordo com a secretaria de Esportes, o est\u00e1dio ser\u00e1 reformado nos pr\u00f3ximos meses e o projeto arquitet\u00f4nico encontra-se nos processos finais para, enfim, come\u00e7ar a obra.<\/p>\n\n\n\n<p>Um ex-funcion\u00e1rio na constru\u00e7\u00e3o do est\u00e1dio, o aposentado Carlos Pereira \u00e9 apaixonado por futebol e sempre estava presente no Adonir. Em entrevista \u00e0 Esportes Bras\u00edlia, ele relata um pouco sobre as boas lembran\u00e7as que tinha do local, al\u00e9m de contar sobre alguns jogadores que passaram por l\u00e1.<\/p>\n\n\n\n<p>&#8220;Nunca deixava de assistir um jogo que viesse a ter no Est\u00e1dio Adonir Jos\u00e9 Guimar\u00e3es. Vi os nomes que se destacaram no ranking nacional, pois sa\u00edram aqui do Est\u00e1dio. L\u00facio, Renaldo, Tico, Sandro, Nicacio, Eduir entre outros. Era uma \u00e9poca excepcional&#8221;, disse.<\/p>\n\n\n\n<p>J\u00e1 Lucas Mateus, que \u00e9 morador da regi\u00e3o, est\u00e1 feliz com a poss\u00edvel revitaliza\u00e7\u00e3o do est\u00e1dio. Ele chegou a jogar no campo, mas teve uma impress\u00e3o bem negativa quando chegou a atuar no gramado, que tinha um aspecto de abandono.<\/p>\n\n\n\n<p>&#8220;Olha, quando eu joguei l\u00e1 a impress\u00e3o n\u00e3o foi boa. Quando podia jogar na \u00e9poca, o gramado e est\u00e1dio estava ruim, com aspecto de abandonado mesmo. A arquibancada feia. Os banheiros, para voc\u00ea ter uma ideia, n\u00e3o tinham nem vaso, o gramado era bem alto, tinha um buraco ao redor do campo, estava em um estado bem deplor\u00e1vel&#8221;, conta.<\/p>\n\n\n\n<p>Agora, com a reforma, Lucas acredita que ser\u00e1 bom para a cidade e fica feliz com a revitaliza\u00e7\u00e3o do espa\u00e7o: &#8220;\u00c9 sempre bom ter um local para poder assistir jogos e at\u00e9 mesmo poder jogar l\u00e1 dentro em uma poss\u00edvel ocasi\u00e3o. Vai melhorar muito e vai dar mais vida para a regi\u00e3o e recuperar um patrim\u00f4nio da cidade&#8221;, afirma.<\/p>\n\n\n\n<p>Procurada pela reportagem da EB, a Administra\u00e7\u00e3o Regional de Planaltina n\u00e3o retornou os contatos para poder se manifestar a respeito.<\/p>\n\n\n\n<p>Enquanto n\u00e3o tem o est\u00e1dio de volta, o Planaltina tem mandado as partidas da segunda divis\u00e3o local no est\u00e1dio Serra do Lago, em Luzi\u00e2nia\/GO.<\/p>\n","protected":false},"excerpt":{"rendered":"<p>Foto: Alessandro Gabiru\/O Di\u00e1rio do Planalto Jogo, campo. torcida, gramado e gol. Essas s\u00e3o algumas das caracter\u00edsticas que voc\u00ea encontra nos est\u00e1dios de futebol espalhados pelo mundo. Mas, quando n\u00e3o acontecem jogos ou eventos no local, o ambiente que era de torcida, casa cheia, momentos memor\u00e1veis, acaba dando espa\u00e7o para um ambiente n\u00e3o t\u00e3o agrad\u00e1vel, [&hellip;]<\/p>\n","protected":false},"author":14,"featured_media":24651,"comment_status":"closed","ping_status":"closed","sticky":false,"template":"","format":"standard","meta":{"footnotes":""},"categories":[8],"tags":[],"class_list":["post-24645","post","type-post","status-publish","format-standard","has-post-thumbnail","hentry","category-futebol"],"_links":{"self":[{"href":"https:\/\/www.esportesbrasilia.com.br\/noticias\/wp-json\/wp\/v2\/posts\/24645","targetHints":{"allow":["GET"]}}],"collection":[{"href":"https:\/\/www.esportesbrasilia.com.br\/noticias\/wp-json\/wp\/v2\/posts"}],"about":[{"href":"https:\/\/www.esportesbrasilia.com.br\/noticias\/wp-json\/wp\/v2\/types\/post"}],"author":[{"embeddable":true,"href":"https:\/\/www.esportesbrasilia.com.br\/noticias\/wp-json\/wp\/v2\/users\/14"}],"replies":[{"embeddable":true,"href":"https:\/\/www.esportesbrasilia.com.br\/noticias\/wp-json\/wp\/v2\/comments?post=24645"}],"version-history":[{"count":2,"href":"https:\/\/www.esportesbrasilia.com.br\/noticias\/wp-json\/wp\/v2\/posts\/24645\/revisions"}],"predecessor-version":[{"id":24652,"href":"https:\/\/www.esportesbrasilia.com.br\/noticias\/wp-json\/wp\/v2\/posts\/24645\/revisions\/24652"}],"wp:featuredmedia":[{"embeddable":true,"href":"https:\/\/www.esportesbrasilia.com.br\/noticias\/wp-json\/wp\/v2\/media\/24651"}],"wp:attachment":[{"href":"https:\/\/www.esportesbrasilia.com.br\/noticias\/wp-json\/wp\/v2\/media?parent=24645"}],"wp:term":[{"taxonomy":"category","embeddable":true,"href":"https:\/\/www.esportesbrasilia.com.br\/noticias\/wp-json\/wp\/v2\/categories?post=24645"},{"taxonomy":"post_tag","embeddable":true,"href":"https:\/\/www.esportesbrasilia.com.br\/noticias\/wp-json\/wp\/v2\/tags?post=24645"}],"curies":[{"name":"wp","href":"https:\/\/api.w.org\/{rel}","templated":true}]}}