{"id":24632,"date":"2023-08-28T17:29:20","date_gmt":"2023-08-28T20:29:20","guid":{"rendered":"https:\/\/www.esportesbrasilia.com.br\/noticias\/?p=24632"},"modified":"2023-08-28T17:29:21","modified_gmt":"2023-08-28T20:29:21","slug":"restou-o-flamengo-ao-futebol-de-brasilia","status":"publish","type":"post","link":"https:\/\/www.esportesbrasilia.com.br\/noticias\/colunas\/notatico\/restou-o-flamengo-ao-futebol-de-brasilia.html","title":{"rendered":"Restou o Flamengo ao futebol de Bras\u00edlia"},"content":{"rendered":"\n<p>Paulo Martins<\/p>\n\n\n\n<p>Conhecidas as datas da final da Copa do Brasil, nos dias 17 e 24 de setembro, as torcidas de Flamengo e S\u00e3o Paulo se agitam pelo t\u00edtulo. Entretanto, Bras\u00edlia pode estar na hist\u00f3ria da decis\u00e3o.<\/p>\n\n\n\n<p>Com o sabido estado do gramado do Maracan\u00e3, o Man\u00e9 Garrincha (mesmo sem um gramado perfeito), volta a se mostrar entre as vias dispon\u00edveis ao rubro-negro. A urg\u00eancia por arrumar um local, al\u00e9m do hist\u00f3rico e do patroc\u00ednio (do BRB) podem motivar a vinda da ida para c\u00e1.<\/p>\n\n\n\n<p>No Campeonato Brasileiro, por exemplo, o Vasco j\u00e1 remanejou um jogo pr\u00f3ximo, tamb\u00e9m contra o tricolor paulista, para a capital federal. A cidade volta a se mostrar como cen\u00e1rio plaus\u00edvel para jogos a exemplo da \u00e9poca dos estaduais.<\/p>\n\n\n\n<p>Para um est\u00e1dio (e uma cidade) sem tanto futebol como Bras\u00edlia, seria um encerramento de ano com chave de ouro ao receber o jogo de um enredo t\u00e3o rico. O Fla vai por um bicampeonato nacional, enquanto o Soberano volta \u00e0 decis\u00e3o depois de mais de duas d\u00e9cadas.<\/p>\n\n\n\n<p>A vinda seria um desfecho ideal para o ano, mesmo com mais jogos na cidade, pelo Feminino e pela Segundinha distritais. \u00c9 que toda vez que os times morrem (e nos matam de vergonha) na S\u00e9rie D, todo o resto s\u00f3 importa no ano seguinte. Estamos criados assim.<\/p>\n","protected":false},"excerpt":{"rendered":"<p>Paulo Martins Conhecidas as datas da final da Copa do Brasil, nos dias 17 e 24 de setembro, as torcidas de Flamengo e S\u00e3o Paulo se agitam pelo t\u00edtulo. Entretanto, Bras\u00edlia pode estar na hist\u00f3ria da decis\u00e3o. Com o sabido estado do gramado do Maracan\u00e3, o Man\u00e9 Garrincha (mesmo sem um gramado perfeito), volta a [&hellip;]<\/p>\n","protected":false},"author":1,"featured_media":23087,"comment_status":"closed","ping_status":"closed","sticky":false,"template":"","format":"standard","meta":{"footnotes":""},"categories":[1029],"tags":[],"class_list":["post-24632","post","type-post","status-publish","format-standard","has-post-thumbnail","hentry","category-notatico"],"_links":{"self":[{"href":"https:\/\/www.esportesbrasilia.com.br\/noticias\/wp-json\/wp\/v2\/posts\/24632","targetHints":{"allow":["GET"]}}],"collection":[{"href":"https:\/\/www.esportesbrasilia.com.br\/noticias\/wp-json\/wp\/v2\/posts"}],"about":[{"href":"https:\/\/www.esportesbrasilia.com.br\/noticias\/wp-json\/wp\/v2\/types\/post"}],"author":[{"embeddable":true,"href":"https:\/\/www.esportesbrasilia.com.br\/noticias\/wp-json\/wp\/v2\/users\/1"}],"replies":[{"embeddable":true,"href":"https:\/\/www.esportesbrasilia.com.br\/noticias\/wp-json\/wp\/v2\/comments?post=24632"}],"version-history":[{"count":1,"href":"https:\/\/www.esportesbrasilia.com.br\/noticias\/wp-json\/wp\/v2\/posts\/24632\/revisions"}],"predecessor-version":[{"id":24633,"href":"https:\/\/www.esportesbrasilia.com.br\/noticias\/wp-json\/wp\/v2\/posts\/24632\/revisions\/24633"}],"wp:featuredmedia":[{"embeddable":true,"href":"https:\/\/www.esportesbrasilia.com.br\/noticias\/wp-json\/wp\/v2\/media\/23087"}],"wp:attachment":[{"href":"https:\/\/www.esportesbrasilia.com.br\/noticias\/wp-json\/wp\/v2\/media?parent=24632"}],"wp:term":[{"taxonomy":"category","embeddable":true,"href":"https:\/\/www.esportesbrasilia.com.br\/noticias\/wp-json\/wp\/v2\/categories?post=24632"},{"taxonomy":"post_tag","embeddable":true,"href":"https:\/\/www.esportesbrasilia.com.br\/noticias\/wp-json\/wp\/v2\/tags?post=24632"}],"curies":[{"name":"wp","href":"https:\/\/api.w.org\/{rel}","templated":true}]}}