{"id":24601,"date":"2023-08-19T15:46:32","date_gmt":"2023-08-19T18:46:32","guid":{"rendered":"https:\/\/www.esportesbrasilia.com.br\/noticias\/?p=24601"},"modified":"2023-08-19T15:46:33","modified_gmt":"2023-08-19T18:46:33","slug":"para-comecar-com-o-pe-direito-gama-lr-esta-em-sao-paulo-para-a-estreia-do-cbfa-2023","status":"publish","type":"post","link":"https:\/\/www.esportesbrasilia.com.br\/noticias\/outros\/para-comecar-com-o-pe-direito-gama-lr-esta-em-sao-paulo-para-a-estreia-do-cbfa-2023.html","title":{"rendered":"Para come\u00e7ar com o p\u00e9 direito! Gama LR est\u00e1 em S\u00e3o Paulo para a estreia do CBFA 2023"},"content":{"rendered":"\n<p><strong>Foto:<\/strong> <em>Isabella Brito Ribeiro<\/em><\/p>\n\n\n\n<p>O Gama LR estreia neste domingo (20.ago.2023), \u00e0s 10h, na casa do Guarulhos Rhynos, pela primeira rodada do Grupo C do Campeonato Brasileiro de futebol americano. A partida que ser\u00e1 no est\u00e1dio municipal C\u00edcero Miranda e ter\u00e1 transmiss\u00e3o ao vivo no canal do YouTube da CBFA (Confedera\u00e7\u00e3o Brasileira de Futebol Americano).<\/p>\n\n\n\n<p>Antes da abertura oficial da temporada, o wide receiver Kaleb Portela expressou seu otimismo: \u201cAs expectativas s\u00e3o as melhores poss\u00edveis. Trabalhamos duro para poder dar o melhor dentro de campo e poder trazer essa vit\u00f3ria para casa junto dos companheiros de time. Tem um pouco daquele nervosismo de jogo de estreia, mas \u00e9 assim mesmo, vamos para cima.\u201d, afirmou.<\/p>\n\n\n<div class=\"wp-block-image\">\n<figure class=\"aligncenter size-large\"><img loading=\"lazy\" decoding=\"async\" width=\"1024\" height=\"731\" src=\"https:\/\/www.esportesbrasilia.com.br\/noticias\/wp-content\/uploads\/WhatsApp-Image-2023-08-19-at-15.41.41-1024x731.jpeg\" alt=\"Foto: Isabella Brito Ribeiro\" class=\"wp-image-24603\" srcset=\"https:\/\/www.esportesbrasilia.com.br\/noticias\/wp-content\/uploads\/WhatsApp-Image-2023-08-19-at-15.41.41-1024x731.jpeg 1024w, https:\/\/www.esportesbrasilia.com.br\/noticias\/wp-content\/uploads\/WhatsApp-Image-2023-08-19-at-15.41.41-300x214.jpeg 300w, https:\/\/www.esportesbrasilia.com.br\/noticias\/wp-content\/uploads\/WhatsApp-Image-2023-08-19-at-15.41.41-768x548.jpeg 768w, https:\/\/www.esportesbrasilia.com.br\/noticias\/wp-content\/uploads\/WhatsApp-Image-2023-08-19-at-15.41.41-1536x1096.jpeg 1536w, https:\/\/www.esportesbrasilia.com.br\/noticias\/wp-content\/uploads\/WhatsApp-Image-2023-08-19-at-15.41.41.jpeg 1600w\" sizes=\"auto, (max-width: 1024px) 100vw, 1024px\" \/><figcaption class=\"wp-element-caption\">Foto: Isabella Brito Ribeiro<\/figcaption><\/figure>\n<\/div>\n\n\n<p>Sob a lideran\u00e7a do treinador Piter Damacino, que recentemente retomou as r\u00e9deas da equipe ap\u00f3s conquistar a Ta\u00e7a Cairo Santos com os Le\u00f5es em 2021, o Gama LR demonstrou sua for\u00e7a em dois amistosos contra o Cuiab\u00e1 Arsenal, superando a equipe bicampe\u00e3 nacional em territ\u00f3rio advers\u00e1rio.<\/p>\n\n\n\n<p>Alinhado \u00e0 vis\u00e3o de longo prazo, o Gama LR investiu na forma\u00e7\u00e3o de jovens talentos, apresentando um elenco rejuvenescido e cheio de potencial. Em seu primeiro compromisso oficial na temporada, o time do Centro-Oeste come\u00e7a a jornada como a fus\u00e3o entre Gama Le\u00f5es de Jud\u00e1 e Goi\u00e2nia Rednecks.<\/p>\n\n\n\n<p>Em rela\u00e7\u00e3o ao embate contra os Rhynos, equipe paulista, Kaleb n\u00e3o esconde o respeito, mas destaca a confian\u00e7a em seu time: \u201c\u00c9 a primeira vez que vamos jogar contra os Rhynos, \u00e9 um time forte. Creio que o time est\u00e1 bem encaixado e a expectativa \u00e9 de fazer um excelente jogo.\u201d, afirmou o jogador.<\/p>\n\n\n\n<p><strong><em>Assessoria:<\/em><\/strong> <em>Gama LR\/Esta\u00e7\u00e3o Sports<\/em><\/p>\n","protected":false},"excerpt":{"rendered":"<p>Foto: Isabella Brito Ribeiro O Gama LR estreia neste domingo (20.ago.2023), \u00e0s 10h, na casa do Guarulhos Rhynos, pela primeira rodada do Grupo C do Campeonato Brasileiro de futebol americano. A partida que ser\u00e1 no est\u00e1dio municipal C\u00edcero Miranda e ter\u00e1 transmiss\u00e3o ao vivo no canal do YouTube da CBFA (Confedera\u00e7\u00e3o Brasileira de Futebol Americano). [&hellip;]<\/p>\n","protected":false},"author":47,"featured_media":24602,"comment_status":"closed","ping_status":"closed","sticky":false,"template":"","format":"standard","meta":{"footnotes":""},"categories":[2],"tags":[1249,1251,1246,1248,1250,1247],"class_list":["post-24601","post","type-post","status-publish","format-standard","has-post-thumbnail","hentry","category-outros","tag-cbfa","tag-cbfa-2023","tag-gama-lr","tag-goiania-rednecks","tag-guarulhos-rhynos","tag-leoes-de-juda"],"_links":{"self":[{"href":"https:\/\/www.esportesbrasilia.com.br\/noticias\/wp-json\/wp\/v2\/posts\/24601","targetHints":{"allow":["GET"]}}],"collection":[{"href":"https:\/\/www.esportesbrasilia.com.br\/noticias\/wp-json\/wp\/v2\/posts"}],"about":[{"href":"https:\/\/www.esportesbrasilia.com.br\/noticias\/wp-json\/wp\/v2\/types\/post"}],"author":[{"embeddable":true,"href":"https:\/\/www.esportesbrasilia.com.br\/noticias\/wp-json\/wp\/v2\/users\/47"}],"replies":[{"embeddable":true,"href":"https:\/\/www.esportesbrasilia.com.br\/noticias\/wp-json\/wp\/v2\/comments?post=24601"}],"version-history":[{"count":1,"href":"https:\/\/www.esportesbrasilia.com.br\/noticias\/wp-json\/wp\/v2\/posts\/24601\/revisions"}],"predecessor-version":[{"id":24604,"href":"https:\/\/www.esportesbrasilia.com.br\/noticias\/wp-json\/wp\/v2\/posts\/24601\/revisions\/24604"}],"wp:featuredmedia":[{"embeddable":true,"href":"https:\/\/www.esportesbrasilia.com.br\/noticias\/wp-json\/wp\/v2\/media\/24602"}],"wp:attachment":[{"href":"https:\/\/www.esportesbrasilia.com.br\/noticias\/wp-json\/wp\/v2\/media?parent=24601"}],"wp:term":[{"taxonomy":"category","embeddable":true,"href":"https:\/\/www.esportesbrasilia.com.br\/noticias\/wp-json\/wp\/v2\/categories?post=24601"},{"taxonomy":"post_tag","embeddable":true,"href":"https:\/\/www.esportesbrasilia.com.br\/noticias\/wp-json\/wp\/v2\/tags?post=24601"}],"curies":[{"name":"wp","href":"https:\/\/api.w.org\/{rel}","templated":true}]}}