{"id":24563,"date":"2023-07-25T23:15:17","date_gmt":"2023-07-26T02:15:17","guid":{"rendered":"https:\/\/www.esportesbrasilia.com.br\/noticias\/?p=24563"},"modified":"2023-07-25T23:15:17","modified_gmt":"2023-07-26T02:15:17","slug":"cbf-confirma-datas-da-segunda-fase-da-serie-d-2023","status":"publish","type":"post","link":"https:\/\/www.esportesbrasilia.com.br\/noticias\/futebol\/cbf-confirma-datas-da-segunda-fase-da-serie-d-2023.html","title":{"rendered":"CBF confirma datas da segunda fase da S\u00e9rie D 2023"},"content":{"rendered":"\n<p>A Confedera\u00e7\u00e3o Brasileira de Futebol divulgou, somente na noite desta ter\u00e7a-feira (25), por meio do site oficial, a tabela da segunda fase do Brasileir\u00e3o S\u00e9rie D. Brasiliense e Ceil\u00e2ndia se classificaram e seguem na competi\u00e7\u00e3o.<\/p>\n\n\n\n<p>A partir desta fase, os confrontos ser\u00e3o de mata-mata. Em caso de empate na somat\u00f3ria de 180 minutos, a decis\u00e3o de quem avan\u00e7a na competi\u00e7\u00e3o ficar\u00e1 nas penalidades m\u00e1ximas.<\/p>\n\n\n\n<p>O Brasiliense terminou a primeira fase na quarta posi\u00e7\u00e3o da chave A5 e ter\u00e1 o Athletic\/MG como advers\u00e1rio. O jogo de ida acontece neste domingo (30), \u00e0s 16h, no est\u00e1dio Serej\u00e3o, em Taguatinga, com transmiss\u00e3o da <strong>Esportes Bras\u00edlia<\/strong>. O jogo da volta ser\u00e1 no dia 05 de agosto, \u00e0s 15h, no est\u00e1dio Joaquim Portugal, em S\u00e3o Jo\u00e3o del Rei\/MG.<\/p>\n\n\n\n<p>J\u00e1 o Ceil\u00e2ndia terminou a primeira fase na lideran\u00e7a da chave A5 e segue como um dos dois invictos de todos os participantes da S\u00e9rie D &#8211; o outro \u00e9 o Ferrovi\u00e1rio\/CE. O Gato Preto vai enfrentar o Vit\u00f3ria\/ES e dar\u00e1 a largada no s\u00e1bado (29), \u00e0s 15h, no est\u00e1dio Salvador Costa, em Vit\u00f3ria\/ES. O jogo da volta acontece no dia 05 de agosto, \u00e0s 15h30, no est\u00e1dio Abadi\u00e3o, em Ceil\u00e2ndia, com transmiss\u00e3o da <strong>Esportes Bras\u00edlia<\/strong>.<\/p>\n","protected":false},"excerpt":{"rendered":"<p>A Confedera\u00e7\u00e3o Brasileira de Futebol divulgou, somente na noite desta ter\u00e7a-feira (25), por meio do site oficial, a tabela da segunda fase do Brasileir\u00e3o S\u00e9rie D. Brasiliense e Ceil\u00e2ndia se classificaram e seguem na competi\u00e7\u00e3o. A partir desta fase, os confrontos ser\u00e3o de mata-mata. Em caso de empate na somat\u00f3ria de 180 minutos, a decis\u00e3o [&hellip;]<\/p>\n","protected":false},"author":2,"featured_media":14304,"comment_status":"closed","ping_status":"closed","sticky":false,"template":"","format":"standard","meta":{"footnotes":""},"categories":[8],"tags":[],"class_list":["post-24563","post","type-post","status-publish","format-standard","has-post-thumbnail","hentry","category-futebol"],"_links":{"self":[{"href":"https:\/\/www.esportesbrasilia.com.br\/noticias\/wp-json\/wp\/v2\/posts\/24563","targetHints":{"allow":["GET"]}}],"collection":[{"href":"https:\/\/www.esportesbrasilia.com.br\/noticias\/wp-json\/wp\/v2\/posts"}],"about":[{"href":"https:\/\/www.esportesbrasilia.com.br\/noticias\/wp-json\/wp\/v2\/types\/post"}],"author":[{"embeddable":true,"href":"https:\/\/www.esportesbrasilia.com.br\/noticias\/wp-json\/wp\/v2\/users\/2"}],"replies":[{"embeddable":true,"href":"https:\/\/www.esportesbrasilia.com.br\/noticias\/wp-json\/wp\/v2\/comments?post=24563"}],"version-history":[{"count":1,"href":"https:\/\/www.esportesbrasilia.com.br\/noticias\/wp-json\/wp\/v2\/posts\/24563\/revisions"}],"predecessor-version":[{"id":24564,"href":"https:\/\/www.esportesbrasilia.com.br\/noticias\/wp-json\/wp\/v2\/posts\/24563\/revisions\/24564"}],"wp:featuredmedia":[{"embeddable":true,"href":"https:\/\/www.esportesbrasilia.com.br\/noticias\/wp-json\/wp\/v2\/media\/14304"}],"wp:attachment":[{"href":"https:\/\/www.esportesbrasilia.com.br\/noticias\/wp-json\/wp\/v2\/media?parent=24563"}],"wp:term":[{"taxonomy":"category","embeddable":true,"href":"https:\/\/www.esportesbrasilia.com.br\/noticias\/wp-json\/wp\/v2\/categories?post=24563"},{"taxonomy":"post_tag","embeddable":true,"href":"https:\/\/www.esportesbrasilia.com.br\/noticias\/wp-json\/wp\/v2\/tags?post=24563"}],"curies":[{"name":"wp","href":"https:\/\/api.w.org\/{rel}","templated":true}]}}