{"id":24556,"date":"2023-07-25T00:00:03","date_gmt":"2023-07-25T03:00:03","guid":{"rendered":"https:\/\/www.esportesbrasilia.com.br\/noticias\/?p=24556"},"modified":"2023-07-25T00:00:04","modified_gmt":"2023-07-25T03:00:04","slug":"ffdf-confirma-horarios-das-semifinais-do-candangao-sub-20","status":"publish","type":"post","link":"https:\/\/www.esportesbrasilia.com.br\/noticias\/futebol\/ffdf-confirma-horarios-das-semifinais-do-candangao-sub-20.html","title":{"rendered":"FFDF confirma hor\u00e1rios das semifinais do Candang\u00e3o Sub-20"},"content":{"rendered":"\n<p>A Federa\u00e7\u00e3o de Futebol do Distrito Federal divulgou, nesta segunda-feira (24), as datas e hor\u00e1rios das semifinais do Candang\u00e3o Sub-20.<\/p>\n\n\n\n<p>No s\u00e1bado (29), ocorrer\u00e3o os dois jogos, todos no mesmo hor\u00e1rio: 15h. No est\u00e1dio Luiz Alfredo, em Novo Gama\/GO, o Gama, que eliminou o Luzi\u00e2nia, realiza o cl\u00e1ssico contra o Brasiliense, que despachou o Brazl\u00e2ndia. O jogo da volta est\u00e1 marcado para o dia 05 de agosto.<\/p>\n\n\n\n<p>J\u00e1 no est\u00e1dio Ciro Machado, na Vila Planalto, o Cana\u00e3, que passou pelo Santa Maria, enfrenta o Capital, que se classificou frente \u00e0 ARUC. A partida de volta acontece no dia 06 de agosto, \u00e0s 10h, no est\u00e1dio JK, no Parano\u00e1.<\/p>\n\n\n\n<p>Brasiliense e Capital fizeram as melhores campanhas na primeira fase. Por isso, jogam a segunda partida como mandantes. Em caso de empate nos 180 minutos, a decis\u00e3o ser\u00e1 nas penalidades m\u00e1ximas. Quem vencer faz a final em jogo \u00fanico e garante a vaga na Copa S\u00e3o Paulo de Futebol Junior 2024.<\/p>\n","protected":false},"excerpt":{"rendered":"<p>A Federa\u00e7\u00e3o de Futebol do Distrito Federal divulgou, nesta segunda-feira (24), as datas e hor\u00e1rios das semifinais do Candang\u00e3o Sub-20. No s\u00e1bado (29), ocorrer\u00e3o os dois jogos, todos no mesmo hor\u00e1rio: 15h. No est\u00e1dio Luiz Alfredo, em Novo Gama\/GO, o Gama, que eliminou o Luzi\u00e2nia, realiza o cl\u00e1ssico contra o Brasiliense, que despachou o Brazl\u00e2ndia. [&hellip;]<\/p>\n","protected":false},"author":2,"featured_media":22693,"comment_status":"closed","ping_status":"closed","sticky":false,"template":"","format":"standard","meta":{"footnotes":""},"categories":[8],"tags":[],"class_list":["post-24556","post","type-post","status-publish","format-standard","has-post-thumbnail","hentry","category-futebol"],"_links":{"self":[{"href":"https:\/\/www.esportesbrasilia.com.br\/noticias\/wp-json\/wp\/v2\/posts\/24556","targetHints":{"allow":["GET"]}}],"collection":[{"href":"https:\/\/www.esportesbrasilia.com.br\/noticias\/wp-json\/wp\/v2\/posts"}],"about":[{"href":"https:\/\/www.esportesbrasilia.com.br\/noticias\/wp-json\/wp\/v2\/types\/post"}],"author":[{"embeddable":true,"href":"https:\/\/www.esportesbrasilia.com.br\/noticias\/wp-json\/wp\/v2\/users\/2"}],"replies":[{"embeddable":true,"href":"https:\/\/www.esportesbrasilia.com.br\/noticias\/wp-json\/wp\/v2\/comments?post=24556"}],"version-history":[{"count":1,"href":"https:\/\/www.esportesbrasilia.com.br\/noticias\/wp-json\/wp\/v2\/posts\/24556\/revisions"}],"predecessor-version":[{"id":24557,"href":"https:\/\/www.esportesbrasilia.com.br\/noticias\/wp-json\/wp\/v2\/posts\/24556\/revisions\/24557"}],"wp:featuredmedia":[{"embeddable":true,"href":"https:\/\/www.esportesbrasilia.com.br\/noticias\/wp-json\/wp\/v2\/media\/22693"}],"wp:attachment":[{"href":"https:\/\/www.esportesbrasilia.com.br\/noticias\/wp-json\/wp\/v2\/media?parent=24556"}],"wp:term":[{"taxonomy":"category","embeddable":true,"href":"https:\/\/www.esportesbrasilia.com.br\/noticias\/wp-json\/wp\/v2\/categories?post=24556"},{"taxonomy":"post_tag","embeddable":true,"href":"https:\/\/www.esportesbrasilia.com.br\/noticias\/wp-json\/wp\/v2\/tags?post=24556"}],"curies":[{"name":"wp","href":"https:\/\/api.w.org\/{rel}","templated":true}]}}