{"id":24548,"date":"2023-07-21T17:50:04","date_gmt":"2023-07-21T20:50:04","guid":{"rendered":"https:\/\/www.esportesbrasilia.com.br\/noticias\/?p=24548"},"modified":"2023-07-22T00:39:02","modified_gmt":"2023-07-22T03:39:02","slug":"gama-consegue-liminar-na-justica-e-partida-deste-sabado-e-confirmada-para-a-vila-planalto","status":"publish","type":"post","link":"https:\/\/www.esportesbrasilia.com.br\/noticias\/futebol\/gama-consegue-liminar-na-justica-e-partida-deste-sabado-e-confirmada-para-a-vila-planalto.html","title":{"rendered":"Gama consegue liminar na Justi\u00e7a e partida deste s\u00e1bado \u00e9 confirmada para a Vila Planalto"},"content":{"rendered":"\n<p>A partida entre Gama e Luzi\u00e2nia, que \u00e9 v\u00e1lida pelas quartas de final do Candang\u00e3o Sub-20, est\u00e1 confirmada para o est\u00e1dio Ciro Machado. A bola rola \u00e0s 10h deste s\u00e1bado (22), com transmiss\u00e3o da <strong><a href=\"http:\/\/youtube.com\/esportesbrasilia\" target=\"_blank\" rel=\"noreferrer noopener\">Esportes Bras\u00edlia<\/a><\/strong>.<\/p>\n\n\n\n<p>No in\u00edcio da tarde, de acordo com o <em>DF Esportes<\/em>, um imbr\u00f3glio envolvendo as diretorias do Clube Vizinhan\u00e7a da Vila Planalto, que administra o est\u00e1dio, e do alviverde, impediria a realiza\u00e7\u00e3o da partida. No entanto, o Gama conseguiu uma liminar na 20\u00aa Vara C\u00edvel de Bras\u00edlia, autorizando a disputa na Vila Planalto.<\/p>\n\n\n\n<p>Segundo decis\u00e3o da ju\u00edza Vivian Lins Cardoso Almeida, a partida j\u00e1 estava agendada e divulgada em diversos meios de comunica\u00e7\u00e3o, como a <strong>EB<\/strong>, e, em caso de n\u00e3o disputa da partida, o Gama seria eliminado da competi\u00e7\u00e3o. Outro argumento acatado pela magistrada diz respeito ao uso do est\u00e1dio Ciro Machado. O local est\u00e1 reservado para utiliza\u00e7\u00e3o por terceiros no fim de semana, o que n\u00e3o demonstra impedimento de funcionamento do local.<\/p>\n\n\n\n<p>Caso o jogo n\u00e3o aconte\u00e7a, o Clube Vizinhan\u00e7a poder\u00e1 ser multado em R$ 5 mil.<\/p>\n","protected":false},"excerpt":{"rendered":"<p>A partida entre Gama e Luzi\u00e2nia, que \u00e9 v\u00e1lida pelas quartas de final do Candang\u00e3o Sub-20, est\u00e1 confirmada para o est\u00e1dio Ciro Machado. A bola rola \u00e0s 10h deste s\u00e1bado (22), com transmiss\u00e3o da Esportes Bras\u00edlia. No in\u00edcio da tarde, de acordo com o DF Esportes, um imbr\u00f3glio envolvendo as diretorias do Clube Vizinhan\u00e7a da [&hellip;]<\/p>\n","protected":false},"author":2,"featured_media":22693,"comment_status":"closed","ping_status":"closed","sticky":false,"template":"","format":"standard","meta":{"footnotes":""},"categories":[8],"tags":[],"class_list":["post-24548","post","type-post","status-publish","format-standard","has-post-thumbnail","hentry","category-futebol"],"_links":{"self":[{"href":"https:\/\/www.esportesbrasilia.com.br\/noticias\/wp-json\/wp\/v2\/posts\/24548","targetHints":{"allow":["GET"]}}],"collection":[{"href":"https:\/\/www.esportesbrasilia.com.br\/noticias\/wp-json\/wp\/v2\/posts"}],"about":[{"href":"https:\/\/www.esportesbrasilia.com.br\/noticias\/wp-json\/wp\/v2\/types\/post"}],"author":[{"embeddable":true,"href":"https:\/\/www.esportesbrasilia.com.br\/noticias\/wp-json\/wp\/v2\/users\/2"}],"replies":[{"embeddable":true,"href":"https:\/\/www.esportesbrasilia.com.br\/noticias\/wp-json\/wp\/v2\/comments?post=24548"}],"version-history":[{"count":2,"href":"https:\/\/www.esportesbrasilia.com.br\/noticias\/wp-json\/wp\/v2\/posts\/24548\/revisions"}],"predecessor-version":[{"id":24550,"href":"https:\/\/www.esportesbrasilia.com.br\/noticias\/wp-json\/wp\/v2\/posts\/24548\/revisions\/24550"}],"wp:featuredmedia":[{"embeddable":true,"href":"https:\/\/www.esportesbrasilia.com.br\/noticias\/wp-json\/wp\/v2\/media\/22693"}],"wp:attachment":[{"href":"https:\/\/www.esportesbrasilia.com.br\/noticias\/wp-json\/wp\/v2\/media?parent=24548"}],"wp:term":[{"taxonomy":"category","embeddable":true,"href":"https:\/\/www.esportesbrasilia.com.br\/noticias\/wp-json\/wp\/v2\/categories?post=24548"},{"taxonomy":"post_tag","embeddable":true,"href":"https:\/\/www.esportesbrasilia.com.br\/noticias\/wp-json\/wp\/v2\/tags?post=24548"}],"curies":[{"name":"wp","href":"https:\/\/api.w.org\/{rel}","templated":true}]}}