{"id":24540,"date":"2023-07-18T00:35:04","date_gmt":"2023-07-18T03:35:04","guid":{"rendered":"https:\/\/www.esportesbrasilia.com.br\/noticias\/?p=24540"},"modified":"2023-07-18T00:35:04","modified_gmt":"2023-07-18T03:35:04","slug":"lesao-no-tornozelo-tira-brasiliense-nycole-da-copa-do-mundo-feminina-2023","status":"publish","type":"post","link":"https:\/\/www.esportesbrasilia.com.br\/noticias\/futebol\/lesao-no-tornozelo-tira-brasiliense-nycole-da-copa-do-mundo-feminina-2023.html","title":{"rendered":"Les\u00e3o no tornozelo tira brasiliense Nycole da Copa do Mundo Feminina 2023"},"content":{"rendered":"\n<p><strong>Foto: Thais Magalh\u00e3es\/CBF<\/strong><\/p>\n\n\n\n<p>Uma entorse no tornozelo esquerdo tirou a brasiliense Nycole, que veste a camisa do Benfica\/POR, da Copa do Mundo da FIFA Feminina, a uma semana da estreia.<\/p>\n\n\n\n<p>Segundo nota divulgada pela CBF, Nycole sofreu uma entorse durante um jogo-treino realizado nesta ter\u00e7a-feira (18), pelo hor\u00e1rio australiano, na prepara\u00e7\u00e3o para a estreia contra o Panam\u00e1, marcada para a pr\u00f3xima segunda-feira (24).<\/p>\n\n\n\n<p>Para o lugar de Nycole, a t\u00e9cnica Pia Sundhage convocou a meia Angelina, que estava entre as tr\u00eas jogadoras dispon\u00edveis para participar da competi\u00e7\u00e3o, caso alguma outra lesionasse.<\/p>\n\n\n\n<p><\/p>\n","protected":false},"excerpt":{"rendered":"<p>Foto: Thais Magalh\u00e3es\/CBF Uma entorse no tornozelo esquerdo tirou a brasiliense Nycole, que veste a camisa do Benfica\/POR, da Copa do Mundo da FIFA Feminina, a uma semana da estreia. Segundo nota divulgada pela CBF, Nycole sofreu uma entorse durante um jogo-treino realizado nesta ter\u00e7a-feira (18), pelo hor\u00e1rio australiano, na prepara\u00e7\u00e3o para a estreia contra [&hellip;]<\/p>\n","protected":false},"author":2,"featured_media":24541,"comment_status":"closed","ping_status":"closed","sticky":false,"template":"","format":"standard","meta":{"footnotes":""},"categories":[8],"tags":[],"class_list":["post-24540","post","type-post","status-publish","format-standard","has-post-thumbnail","hentry","category-futebol"],"_links":{"self":[{"href":"https:\/\/www.esportesbrasilia.com.br\/noticias\/wp-json\/wp\/v2\/posts\/24540","targetHints":{"allow":["GET"]}}],"collection":[{"href":"https:\/\/www.esportesbrasilia.com.br\/noticias\/wp-json\/wp\/v2\/posts"}],"about":[{"href":"https:\/\/www.esportesbrasilia.com.br\/noticias\/wp-json\/wp\/v2\/types\/post"}],"author":[{"embeddable":true,"href":"https:\/\/www.esportesbrasilia.com.br\/noticias\/wp-json\/wp\/v2\/users\/2"}],"replies":[{"embeddable":true,"href":"https:\/\/www.esportesbrasilia.com.br\/noticias\/wp-json\/wp\/v2\/comments?post=24540"}],"version-history":[{"count":1,"href":"https:\/\/www.esportesbrasilia.com.br\/noticias\/wp-json\/wp\/v2\/posts\/24540\/revisions"}],"predecessor-version":[{"id":24542,"href":"https:\/\/www.esportesbrasilia.com.br\/noticias\/wp-json\/wp\/v2\/posts\/24540\/revisions\/24542"}],"wp:featuredmedia":[{"embeddable":true,"href":"https:\/\/www.esportesbrasilia.com.br\/noticias\/wp-json\/wp\/v2\/media\/24541"}],"wp:attachment":[{"href":"https:\/\/www.esportesbrasilia.com.br\/noticias\/wp-json\/wp\/v2\/media?parent=24540"}],"wp:term":[{"taxonomy":"category","embeddable":true,"href":"https:\/\/www.esportesbrasilia.com.br\/noticias\/wp-json\/wp\/v2\/categories?post=24540"},{"taxonomy":"post_tag","embeddable":true,"href":"https:\/\/www.esportesbrasilia.com.br\/noticias\/wp-json\/wp\/v2\/tags?post=24540"}],"curies":[{"name":"wp","href":"https:\/\/api.w.org\/{rel}","templated":true}]}}