{"id":24527,"date":"2023-07-09T15:46:00","date_gmt":"2023-07-09T18:46:00","guid":{"rendered":"https:\/\/www.esportesbrasilia.com.br\/noticias\/?p=24527"},"modified":"2023-07-09T19:38:23","modified_gmt":"2023-07-09T22:38:23","slug":"definidas-as-quartas-de-final-do-candangao-juniores-2023","status":"publish","type":"post","link":"https:\/\/www.esportesbrasilia.com.br\/noticias\/futebol\/definidas-as-quartas-de-final-do-candangao-juniores-2023.html","title":{"rendered":"Definidas as quartas de final do Candang\u00e3o Juniores 2023"},"content":{"rendered":"\n<p>Foram definidas, neste fim de semana, as equipes que se classificaram para as quartas-de-final do Candang\u00e3o Juniores 2023. A partir de agora, oito equipes seguem em busca de duas vagas na Copa S\u00e3o Paulo de Futebol Junior de 2024.<\/p>\n\n\n\n<p><strong>Chave A<\/strong><\/p>\n\n\n\n<p>O Brasiliense fechou a primeira fase na lideran\u00e7a da chave A, conquistando 20 pontos em seis jogos. No \u00faltimo s\u00e1bado, o Jacar\u00e9 empatou com o Luzi\u00e2nia em 1&#215;1 no est\u00e1dio Serej\u00e3o, em Taguatinga. O azulino goiano terminou a fase inicial na terceira coloca\u00e7\u00e3o, com 19 pontos. Com isso, os dois times seguem na competi\u00e7\u00e3o.<\/p>\n\n\n\n<p>A ARUC garantiu a \u00faltima vaga na pr\u00f3xima fase ao vencer o Botafogo-DF por 4&#215;2, jogando no est\u00e1dio Diog\u00e3o, em Formosa\/GO. O time do Cruzeiro finalizou na quarta posi\u00e7\u00e3o, com 12 pontos, e a estrela solit\u00e1ria terminou na sexta posi\u00e7\u00e3o, com nove pontos. J\u00e1 o Cana\u00e3 folgou na rodada e terminou a fase com 20 pontos, na segunda coloca\u00e7\u00e3o.<\/p>\n\n\n\n<p>Quem deu adeus \u00e0 pr\u00f3xima fase foram o Gr\u00eamio Valpara\u00edso e o Bras\u00edlia. O time do entorno goleou o colorado por 5&#215;0 e terminou a fase na quinta posi\u00e7\u00e3o. O avi\u00e3o vermelho finalizou na oitava posi\u00e7\u00e3o.<\/p>\n\n\n\n<p>Fechando as partidas da chave, Samambaia e Ceilandense empataram em 1&#215;1. O cachorro salsicha finalizou a fase na s\u00e9tima posi\u00e7\u00e3o, com cinco pontos, enquanto o tricolor conquistou o primeiro ponto na competi\u00e7\u00e3o e terminou a disputa na lanterna.<\/p>\n\n\n\n<p><strong>Chave B<\/strong><\/p>\n\n\n\n<p>O Capital terminou a primeira fase com 17 pontos e na lideran\u00e7a. No entanto, o time teve a invencibilidade quebrada pelo Santa Maria, ao perder por 1&#215;0. De quebra, o Gren\u00e1 pegou uma das vagas para a pr\u00f3xima fase e terminou a fase inicial na terceira posi\u00e7\u00e3o, com 14 pontos.<\/p>\n\n\n\n<p>O Brazl\u00e2ndia, que j\u00e1 estava classificado, perdeu para o Parano\u00e1 por 2&#215;0 no est\u00e1dio Roriz\u00e3o. A Gar\u00e7a candanga ficou na quarta posi\u00e7\u00e3o, com 14 pontos. J\u00e1 a Cobra Sucuri deu adeus com o quinto lugar e 12 pontos conquistados.<\/p>\n\n\n\n<p>A \u00faltima vaga foi decidida entre Gama e Real Bras\u00edlia, partida que teve a transmiss\u00e3o da <strong>Esportes Bras\u00edlia<\/strong>. No CT Ninho do Periquito, o alviverde venceu por 2&#215;0 e terminou a primeira fase na segunda posi\u00e7\u00e3o, com 14 pontos. O Le\u00e3o do Planalto deixou a disputa no sexto lugar, com 11 pontos.<\/p>\n\n\n\n<p>Fechando a rodada, o Planaltina\/DF goleou o Legi\u00e3o por 4&#215;1 e ficou na s\u00e9tima posi\u00e7\u00e3o, com dez pontos. O time laranja fechou na oitava posi\u00e7\u00e3o, com seis pontos. A pior campanha ficou com o SESP Samambaense, que anotou nenhum ponto em toda a competi\u00e7\u00e3o.<\/p>\n\n\n\n<p>Com isso, as quartas-de-final ser\u00e3o decididas, em partidas de ida e volta, entre:<\/p>\n\n\n\n<p><strong>Brasiliense<\/strong> x Brazl\u00e2ndia<br><strong>Gama<\/strong> x Luzi\u00e2nia<br><strong>Capital<\/strong> x ARUC<br><strong>Cana\u00e3<\/strong> x Santa Maria<\/p>\n\n\n\n<p>Os times em negrito mandar\u00e3o os jogos de volta. Em 180 minutos, caso haja empate, as vagas ser\u00e3o decididas nas penalidades m\u00e1ximas. A FFDF vai confirmar a tabela nos pr\u00f3ximos dias.<br><\/p>\n","protected":false},"excerpt":{"rendered":"<p>Foram definidas, neste fim de semana, as equipes que se classificaram para as quartas-de-final do Candang\u00e3o Juniores 2023. A partir de agora, oito equipes seguem em busca de duas vagas na Copa S\u00e3o Paulo de Futebol Junior de 2024. Chave A O Brasiliense fechou a primeira fase na lideran\u00e7a da chave A, conquistando 20 pontos [&hellip;]<\/p>\n","protected":false},"author":2,"featured_media":22693,"comment_status":"closed","ping_status":"closed","sticky":false,"template":"","format":"standard","meta":{"footnotes":""},"categories":[8],"tags":[],"class_list":["post-24527","post","type-post","status-publish","format-standard","has-post-thumbnail","hentry","category-futebol"],"_links":{"self":[{"href":"https:\/\/www.esportesbrasilia.com.br\/noticias\/wp-json\/wp\/v2\/posts\/24527","targetHints":{"allow":["GET"]}}],"collection":[{"href":"https:\/\/www.esportesbrasilia.com.br\/noticias\/wp-json\/wp\/v2\/posts"}],"about":[{"href":"https:\/\/www.esportesbrasilia.com.br\/noticias\/wp-json\/wp\/v2\/types\/post"}],"author":[{"embeddable":true,"href":"https:\/\/www.esportesbrasilia.com.br\/noticias\/wp-json\/wp\/v2\/users\/2"}],"replies":[{"embeddable":true,"href":"https:\/\/www.esportesbrasilia.com.br\/noticias\/wp-json\/wp\/v2\/comments?post=24527"}],"version-history":[{"count":2,"href":"https:\/\/www.esportesbrasilia.com.br\/noticias\/wp-json\/wp\/v2\/posts\/24527\/revisions"}],"predecessor-version":[{"id":24529,"href":"https:\/\/www.esportesbrasilia.com.br\/noticias\/wp-json\/wp\/v2\/posts\/24527\/revisions\/24529"}],"wp:featuredmedia":[{"embeddable":true,"href":"https:\/\/www.esportesbrasilia.com.br\/noticias\/wp-json\/wp\/v2\/media\/22693"}],"wp:attachment":[{"href":"https:\/\/www.esportesbrasilia.com.br\/noticias\/wp-json\/wp\/v2\/media?parent=24527"}],"wp:term":[{"taxonomy":"category","embeddable":true,"href":"https:\/\/www.esportesbrasilia.com.br\/noticias\/wp-json\/wp\/v2\/categories?post=24527"},{"taxonomy":"post_tag","embeddable":true,"href":"https:\/\/www.esportesbrasilia.com.br\/noticias\/wp-json\/wp\/v2\/tags?post=24527"}],"curies":[{"name":"wp","href":"https:\/\/api.w.org\/{rel}","templated":true}]}}