{"id":24508,"date":"2023-07-04T15:42:16","date_gmt":"2023-07-04T18:42:16","guid":{"rendered":"https:\/\/www.esportesbrasilia.com.br\/noticias\/?p=24508"},"modified":"2023-07-08T01:32:34","modified_gmt":"2023-07-08T04:32:34","slug":"com-passagem-meteorica-pelo-df-tecnico-do-fluminense-e-o-novo-tecnico-da-selecao-brasileira","status":"publish","type":"post","link":"https:\/\/www.esportesbrasilia.com.br\/noticias\/futebol\/com-passagem-meteorica-pelo-df-tecnico-do-fluminense-e-o-novo-tecnico-da-selecao-brasileira.html","title":{"rendered":"Com passagem mete\u00f3rica pelo DF, t\u00e9cnico do Fluminense \u00e9 o novo t\u00e9cnico da sele\u00e7\u00e3o brasileira"},"content":{"rendered":"\n<p>O Brasil deve ter um novo treinador interino, at\u00e9 a chegada de Carlo Ancelotti. A informa\u00e7\u00e3o \u00e9 do site <em>GloboEsporte.com<\/em>.<\/p>\n\n\n\n<p>Segundo o portal, o atual t\u00e9cnico do Fluminense, Fernando Diniz, deve ser o t\u00e9cnico da sele\u00e7\u00e3o at\u00e9 a chegada do italiano, em julho do ano que vem. O acordo j\u00e1 teria sido acertado entre Diniz e a CBF nesta ter\u00e7a-feira (04).<\/p>\n\n\n\n<p>Diniz teve uma passagem mete\u00f3rica como jogador pelo Gama, em 2008, e vestiu a camisa do alviverde, \u00e0 \u00e9poca com 34 anos de idade, por uma partida: vit\u00f3ria de 2&#215;0 contra o Barueri. Depois desse confronto, Diniz foi suspenso por seis jogos por ter ofendido o \u00e1rbitro da partida e anunciou a aposentadoria como atleta. <\/p>\n\n\n\n<p>Ainda de acordo com o acerto com o tricolor carioca, Diniz poder\u00e1 conciliar os dois trabalhos, sele\u00e7\u00e3o e Fluminense. O an\u00fancio ser\u00e1 feito pela CBF nos pr\u00f3ximos dias.<\/p>\n\n\n<div class=\"wp-block-image\">\n<figure class=\"aligncenter size-full\"><img loading=\"lazy\" decoding=\"async\" width=\"443\" height=\"480\" src=\"https:\/\/www.esportesbrasilia.com.br\/noticias\/wp-content\/uploads\/fernandodiniz_segama.webp\" alt=\"Fernando Diniz teve passagem mete\u00f3rica em 2008 - Foto: Divulga\u00e7\u00e3o\/SE Gama\" class=\"wp-image-24509\" srcset=\"https:\/\/www.esportesbrasilia.com.br\/noticias\/wp-content\/uploads\/fernandodiniz_segama.webp 443w, https:\/\/www.esportesbrasilia.com.br\/noticias\/wp-content\/uploads\/fernandodiniz_segama-277x300.webp 277w\" sizes=\"auto, (max-width: 443px) 100vw, 443px\" \/><figcaption class=\"wp-element-caption\">Fernando Diniz teve passagem mete\u00f3rica em 2008 &#8211; Foto: Divulga\u00e7\u00e3o\/SE Gama<\/figcaption><\/figure>\n<\/div>","protected":false},"excerpt":{"rendered":"<p>O Brasil deve ter um novo treinador interino, at\u00e9 a chegada de Carlo Ancelotti. A informa\u00e7\u00e3o \u00e9 do site GloboEsporte.com. Segundo o portal, o atual t\u00e9cnico do Fluminense, Fernando Diniz, deve ser o t\u00e9cnico da sele\u00e7\u00e3o at\u00e9 a chegada do italiano, em julho do ano que vem. O acordo j\u00e1 teria sido acertado entre Diniz [&hellip;]<\/p>\n","protected":false},"author":2,"featured_media":24511,"comment_status":"closed","ping_status":"closed","sticky":false,"template":"","format":"standard","meta":{"footnotes":""},"categories":[8],"tags":[],"class_list":["post-24508","post","type-post","status-publish","format-standard","has-post-thumbnail","hentry","category-futebol"],"_links":{"self":[{"href":"https:\/\/www.esportesbrasilia.com.br\/noticias\/wp-json\/wp\/v2\/posts\/24508","targetHints":{"allow":["GET"]}}],"collection":[{"href":"https:\/\/www.esportesbrasilia.com.br\/noticias\/wp-json\/wp\/v2\/posts"}],"about":[{"href":"https:\/\/www.esportesbrasilia.com.br\/noticias\/wp-json\/wp\/v2\/types\/post"}],"author":[{"embeddable":true,"href":"https:\/\/www.esportesbrasilia.com.br\/noticias\/wp-json\/wp\/v2\/users\/2"}],"replies":[{"embeddable":true,"href":"https:\/\/www.esportesbrasilia.com.br\/noticias\/wp-json\/wp\/v2\/comments?post=24508"}],"version-history":[{"count":2,"href":"https:\/\/www.esportesbrasilia.com.br\/noticias\/wp-json\/wp\/v2\/posts\/24508\/revisions"}],"predecessor-version":[{"id":24513,"href":"https:\/\/www.esportesbrasilia.com.br\/noticias\/wp-json\/wp\/v2\/posts\/24508\/revisions\/24513"}],"wp:featuredmedia":[{"embeddable":true,"href":"https:\/\/www.esportesbrasilia.com.br\/noticias\/wp-json\/wp\/v2\/media\/24511"}],"wp:attachment":[{"href":"https:\/\/www.esportesbrasilia.com.br\/noticias\/wp-json\/wp\/v2\/media?parent=24508"}],"wp:term":[{"taxonomy":"category","embeddable":true,"href":"https:\/\/www.esportesbrasilia.com.br\/noticias\/wp-json\/wp\/v2\/categories?post=24508"},{"taxonomy":"post_tag","embeddable":true,"href":"https:\/\/www.esportesbrasilia.com.br\/noticias\/wp-json\/wp\/v2\/tags?post=24508"}],"curies":[{"name":"wp","href":"https:\/\/api.w.org\/{rel}","templated":true}]}}