{"id":24503,"date":"2023-07-02T14:19:00","date_gmt":"2023-07-02T17:19:00","guid":{"rendered":"https:\/\/www.esportesbrasilia.com.br\/noticias\/?p=24503"},"modified":"2023-07-03T11:57:37","modified_gmt":"2023-07-03T14:57:37","slug":"brasil-goleia-chile-antes-de-embarque-para-a-copa-do-mundo-da-fifa-feminina","status":"publish","type":"post","link":"https:\/\/www.esportesbrasilia.com.br\/noticias\/futebol\/brasil-goleia-chile-antes-de-embarque-para-a-copa-do-mundo-da-fifa-feminina.html","title":{"rendered":"Brasil goleia Chile antes de embarque para a Copa do Mundo da FIFA Feminina"},"content":{"rendered":"\n<p>Fonte: Ag\u00eancia de Not\u00edcias UniCEUB<br>Foto: Marcelo Camargo\/Ag\u00eancia Brasil<\/p>\n\n\n\n<p>Na despedida da Sele\u00e7\u00e3o Feminina antes da viagem para a Austr\u00e1lia, onde ser\u00e1 disputada a Copa do Mundo, o Brasil venceu o Chile por 4 a 0 no Man\u00e9 Garrincha na manh\u00e3 deste domingo (2) e deixou a torcida com esperan\u00e7as mais altas para a busca da primeira conquista mundial em agosto.<\/p>\n\n\n\n<p>A torcida brasiliense p\u00f4de presenciar a volta de Marta, afastada h\u00e1 mais de um ano por uma les\u00e3o. A atacante de 38 anos havia sido cortada da \u00faltima convoca\u00e7\u00e3o e ficado de fora dos jogos contra Inglaterra e Alemanha, mas retornou para o amistoso e entrou aos 29 do segundo tempo para recuperar o ritmo de jogo antes da viagem.<\/p>\n\n\n\n<p><strong>Goleada em Bras\u00edlia<\/strong><\/p>\n\n\n\n<p>O come\u00e7o das brasileiras no Man\u00e9 Garrincha foi fulminante, e com apenas 5 minutos a atacante Gabi Nunes recebeu levantamento na \u00e1rea e cabeceou no \u00e2ngulo de Canales para inaugurar o placar.<\/p>\n\n\n\n<p>As chilenas tentaram reagir e assustaram o p\u00fablico brasiliense com duas bolas no travess\u00e3o, primeiro com Urrutia logo ap\u00f3s o gol brasileiro e depois com Araya em cobran\u00e7a de falta.<\/p>\n\n\n\n<p>As Canarinhas souberam manter a cabe\u00e7a no lugar apesar da press\u00e3o chilena e ampliaram aos 29, mais uma vez de cabe\u00e7a. A lateral-direita Antonia cruzou na \u00e1rea e a meia Duda Sampaio venceu Canales mais uma vez para tranquilizar o jogo.<\/p>\n\n\n\n<p>O Brasil seguiu melhor no jogo e achou o terceiro com Luana, aos 35, em mais uma bola a\u00e9rea. Ap\u00f3s cruzamento na \u00e1rea, a defesa chilena afastou e a bola sobrou com a volante brasileira na entrada da \u00e1rea, que bateu no \u00e2ngulo para transformar o duelo em goleada.<\/p>\n\n\n\n<h2 class=\"wp-block-heading\">Quarto gol<\/h2>\n\n\n\n<p>A segunda etapa em Bras\u00edlia come\u00e7ou no mesmo ritmo acelerado do primeiro tempo. Com apenas 4 minutos, Tamires cruzou na \u00e1rea e a atacante Geyse desviou, tirando as chances de defesa da goleira advers\u00e1ria.<\/p>\n\n\n\n<p>Com ampla vantagem para as brasileiras, o jogo deu uma esfriada e Pia passou a testar a equipe. A grande emo\u00e7\u00e3o para a torcida presente veio aos 29, quando a sueca chamou Marta para fazer seu retorno, entrando no lugar da zagueira Rafaelle.<\/p>\n\n\n\n<p>A sele\u00e7\u00e3o pouco sofreu defensivamente, no segundo tempo, e conseguiu terminar a partida com a goleada assegurada. O resultado motiva a equipe um dia antes da viagem para a Oceania, tendo em vista a estreia contra o Panam\u00e1 no final do m\u00eas no est\u00e1dio Hindmarsh, em Brisbane.<\/p>\n\n\n\n<h2 class=\"wp-block-heading\">Prepara\u00e7\u00f5es finais<\/h2>\n\n\n\n<p>Ap\u00f3s a vit\u00f3ria em Bras\u00edlia, a equipe de Pia Sundhage agora viaja para a Austr\u00e1lia nesta segunda-feira (3) onde disputou a Copa do Mundo Feminina, que se inicia no dia 20. As Canarinhas fazem sua estreia na cidade de Adelaide contra o Panam\u00e1, no dia 24 deste m\u00eas.<\/p>\n\n\n\n<p>At\u00e9 a estreia, a Sele\u00e7\u00e3o seguir\u00e1 o per\u00edodo de prepara\u00e7\u00e3o com treinamentos. Primeiro a equipe viaja para Gold Coast, onde treinar\u00e1 por duas semanas, e depois no dia 18 segue para Brisbane, onde montar\u00e1 base de treinamentos para o torneio.<\/p>\n\n\n\n<p>Al\u00e9m das panamenhas, o Brasil ter\u00e1 pela frente no Grupo F do torneio a Fran\u00e7a, em duelo no dia 29 em Brisbane, e a Jamaica, que as brasileiras enfrentam em Melbourne no dia 2 de agosto para fechar a fase de grupos.<\/p>\n\n\n\n<h2 class=\"wp-block-heading\">Rainha no banco<\/h2>\n\n\n\n<p>Maior nome da Sele\u00e7\u00e3o, a atacante Marta, seis vezes eleita melhor jogadora do mundo, esteve no banco nesta manh\u00e3 em Bras\u00edlia. Aos 38 anos, a alagoana vem para seu sexto Mundial e tem sofrido com les\u00f5es recentemente.<\/p>\n\n\n\n<p>A principal foi no ligamento cruzado anterior do joelho esquerdo, sofrida ainda em mar\u00e7o de 2022, que tirou a Rainha de campo por cerca de um ano. Pouco antes da grande competi\u00e7\u00e3o de 2023, a t\u00e9cnica Pia Sundhage decidiu manter cautela e preservar a craque para que possa chegar \u00e0 Austr\u00e1lia nas melhores condi\u00e7\u00f5es poss\u00edveis.<\/p>\n\n\n\n<p>Mesmo do banco, a Rainha do futebol brasileiro foi ovacionada pela torcida na capital federal, que aplaudia cada movimento da atleta durante seu aquecimento.<\/p>\n\n\n\n<p>Aos 29 do segundo tempo, a treinadora sueca chamou a atacante para campo, no lugar da zagueira Rafaelle, e o est\u00e1dio comemorou o retorno de sua grande jogadora como se fosse o quinto gol brasileiro.<\/p>\n","protected":false},"excerpt":{"rendered":"<p>Fonte: Ag\u00eancia de Not\u00edcias UniCEUBFoto: Marcelo Camargo\/Ag\u00eancia Brasil Na despedida da Sele\u00e7\u00e3o Feminina antes da viagem para a Austr\u00e1lia, onde ser\u00e1 disputada a Copa do Mundo, o Brasil venceu o Chile por 4 a 0 no Man\u00e9 Garrincha na manh\u00e3 deste domingo (2) e deixou a torcida com esperan\u00e7as mais altas para a busca da [&hellip;]<\/p>\n","protected":false},"author":1,"featured_media":24504,"comment_status":"closed","ping_status":"closed","sticky":false,"template":"","format":"standard","meta":{"footnotes":""},"categories":[8],"tags":[],"class_list":["post-24503","post","type-post","status-publish","format-standard","has-post-thumbnail","hentry","category-futebol"],"_links":{"self":[{"href":"https:\/\/www.esportesbrasilia.com.br\/noticias\/wp-json\/wp\/v2\/posts\/24503","targetHints":{"allow":["GET"]}}],"collection":[{"href":"https:\/\/www.esportesbrasilia.com.br\/noticias\/wp-json\/wp\/v2\/posts"}],"about":[{"href":"https:\/\/www.esportesbrasilia.com.br\/noticias\/wp-json\/wp\/v2\/types\/post"}],"author":[{"embeddable":true,"href":"https:\/\/www.esportesbrasilia.com.br\/noticias\/wp-json\/wp\/v2\/users\/1"}],"replies":[{"embeddable":true,"href":"https:\/\/www.esportesbrasilia.com.br\/noticias\/wp-json\/wp\/v2\/comments?post=24503"}],"version-history":[{"count":1,"href":"https:\/\/www.esportesbrasilia.com.br\/noticias\/wp-json\/wp\/v2\/posts\/24503\/revisions"}],"predecessor-version":[{"id":24505,"href":"https:\/\/www.esportesbrasilia.com.br\/noticias\/wp-json\/wp\/v2\/posts\/24503\/revisions\/24505"}],"wp:featuredmedia":[{"embeddable":true,"href":"https:\/\/www.esportesbrasilia.com.br\/noticias\/wp-json\/wp\/v2\/media\/24504"}],"wp:attachment":[{"href":"https:\/\/www.esportesbrasilia.com.br\/noticias\/wp-json\/wp\/v2\/media?parent=24503"}],"wp:term":[{"taxonomy":"category","embeddable":true,"href":"https:\/\/www.esportesbrasilia.com.br\/noticias\/wp-json\/wp\/v2\/categories?post=24503"},{"taxonomy":"post_tag","embeddable":true,"href":"https:\/\/www.esportesbrasilia.com.br\/noticias\/wp-json\/wp\/v2\/tags?post=24503"}],"curies":[{"name":"wp","href":"https:\/\/api.w.org\/{rel}","templated":true}]}}