{"id":24500,"date":"2023-07-02T22:51:20","date_gmt":"2023-07-03T01:51:20","guid":{"rendered":"https:\/\/www.esportesbrasilia.com.br\/noticias\/?p=24500"},"modified":"2023-07-03T11:52:36","modified_gmt":"2023-07-03T14:52:36","slug":"brasiliense-goleia-real-ariquemes-e-volta-a-encostar-no-g4-da-serie-d","status":"publish","type":"post","link":"https:\/\/www.esportesbrasilia.com.br\/noticias\/futebol\/brasiliense-goleia-real-ariquemes-e-volta-a-encostar-no-g4-da-serie-d.html","title":{"rendered":"Brasiliense goleia Real Ariquemes e volta a encostar no G4 da s\u00e9rie D"},"content":{"rendered":"\n<p><strong>Foto: Fernando Godoy\/Ag\u00eancia EB<\/strong><\/p>\n\n\n\n<p>O Brasiliense recebeu o Real Ariquemes\/RO na tarde deste domingo (02), em mais uma partida do Brasileir\u00e3o S\u00e9rie D. A equipe treinada por Luis dos Reis precisava vencer o jogo para encostar no G4 da competi\u00e7\u00e3o.<\/p>\n\n\n\n<p>Tanto venceu, como convenceu. Aos 11 minutos, ap\u00f3s tabela com Zotti, Tarta domina a bola pela esquerda, traz pro meio e bate na sa\u00edda do goleiro rondoniense, abrindo o placar para o Brasiliense no Serej\u00e3o.<\/p>\n\n\n\n<p>J\u00e1 aos 40, Daniel Mendon\u00e7a recebe passe pr\u00f3ximo \u00e0 linha lateral e cruza para Zotti testar pro ch\u00e3o, &#8220;como manda a cartilha&#8221; e vencer o arqueiro advers\u00e1rio, ampliando o marcador.<\/p>\n\n\n\n<p>No segundo tempo, aos 16 minutos, ap\u00f3s rebote do goleiro, Igor empurrou para as redes e marcou o terceiro do Jacar\u00e9. Cinco minutos depois, o Real Ariquemes esbo\u00e7ou uma rea\u00e7\u00e3o. Willian dominou a bola no meio campo, carregou e arriscou de longe. A bola vai no \u00e2ngulo do goleiro Ravel. Um gola\u00e7o no Serej\u00e3o.<\/p>\n\n\n\n<p>Mas, dois minutos depois, Tarta levanta a bola na grande \u00e1rea e Jo\u00e3o Paulo domina. Ele v\u00ea Luquinhas chegando de longe e toca para o camisa 7 encher o p\u00e9 e anotar o quarto do Brasiliense.<\/p>\n\n\n\n<p>J\u00e1 nos acr\u00e9scimos, aos 47, ap\u00f3s uma reposi\u00e7\u00e3o de bola errada da defesa do Real Ariquemes, Luquinhas rouba a bola, passa por dois marcadores e toca para Gusttavo Lila, que de longe, chuta forte e marca o quinto do Jacar\u00e9, dando n\u00fameros finais ao confronto.<\/p>\n\n\n\n<p>Com a vit\u00f3ria, o Brasiliense permanece na quinta posi\u00e7\u00e3o da chave A5, com 17 pontos, mas encosta no Oper\u00e1rio\/MT, com 18 pontos. No dia 10 de julho, o Brasiliense recebe o Interporto\/TO, no est\u00e1dio Serej\u00e3o, \u00e0s 20h.<\/p>\n","protected":false},"excerpt":{"rendered":"<p>Foto: Fernando Godoy\/Ag\u00eancia EB O Brasiliense recebeu o Real Ariquemes\/RO na tarde deste domingo (02), em mais uma partida do Brasileir\u00e3o S\u00e9rie D. A equipe treinada por Luis dos Reis precisava vencer o jogo para encostar no G4 da competi\u00e7\u00e3o. Tanto venceu, como convenceu. Aos 11 minutos, ap\u00f3s tabela com Zotti, Tarta domina a bola [&hellip;]<\/p>\n","protected":false},"author":2,"featured_media":24501,"comment_status":"closed","ping_status":"closed","sticky":false,"template":"","format":"standard","meta":{"footnotes":""},"categories":[8],"tags":[],"class_list":["post-24500","post","type-post","status-publish","format-standard","has-post-thumbnail","hentry","category-futebol"],"_links":{"self":[{"href":"https:\/\/www.esportesbrasilia.com.br\/noticias\/wp-json\/wp\/v2\/posts\/24500","targetHints":{"allow":["GET"]}}],"collection":[{"href":"https:\/\/www.esportesbrasilia.com.br\/noticias\/wp-json\/wp\/v2\/posts"}],"about":[{"href":"https:\/\/www.esportesbrasilia.com.br\/noticias\/wp-json\/wp\/v2\/types\/post"}],"author":[{"embeddable":true,"href":"https:\/\/www.esportesbrasilia.com.br\/noticias\/wp-json\/wp\/v2\/users\/2"}],"replies":[{"embeddable":true,"href":"https:\/\/www.esportesbrasilia.com.br\/noticias\/wp-json\/wp\/v2\/comments?post=24500"}],"version-history":[{"count":1,"href":"https:\/\/www.esportesbrasilia.com.br\/noticias\/wp-json\/wp\/v2\/posts\/24500\/revisions"}],"predecessor-version":[{"id":24502,"href":"https:\/\/www.esportesbrasilia.com.br\/noticias\/wp-json\/wp\/v2\/posts\/24500\/revisions\/24502"}],"wp:featuredmedia":[{"embeddable":true,"href":"https:\/\/www.esportesbrasilia.com.br\/noticias\/wp-json\/wp\/v2\/media\/24501"}],"wp:attachment":[{"href":"https:\/\/www.esportesbrasilia.com.br\/noticias\/wp-json\/wp\/v2\/media?parent=24500"}],"wp:term":[{"taxonomy":"category","embeddable":true,"href":"https:\/\/www.esportesbrasilia.com.br\/noticias\/wp-json\/wp\/v2\/categories?post=24500"},{"taxonomy":"post_tag","embeddable":true,"href":"https:\/\/www.esportesbrasilia.com.br\/noticias\/wp-json\/wp\/v2\/tags?post=24500"}],"curies":[{"name":"wp","href":"https:\/\/api.w.org\/{rel}","templated":true}]}}