{"id":24486,"date":"2023-06-28T21:45:12","date_gmt":"2023-06-29T00:45:12","guid":{"rendered":"https:\/\/www.esportesbrasilia.com.br\/noticias\/?p=24486"},"modified":"2023-06-28T21:45:12","modified_gmt":"2023-06-29T00:45:12","slug":"brasiliense-pede-e-cbf-altera-horario-de-partida-da-serie-d","status":"publish","type":"post","link":"https:\/\/www.esportesbrasilia.com.br\/noticias\/futebol\/brasiliense-pede-e-cbf-altera-horario-de-partida-da-serie-d.html","title":{"rendered":"Brasiliense pede e CBF altera hor\u00e1rio de partida da S\u00e9rie D"},"content":{"rendered":"\n<p>O Brasiliense entrou com um pedido junto \u00e0 Confedera\u00e7\u00e3o Brasileira de Futebol para alterar o hor\u00e1rio do jogo da 12\u00aa rodada do Campeonato Brasileiro da S\u00e9rie D e foi atendido. A altera\u00e7\u00e3o foi processada pela entidade m\u00e1xima do futebol brasileiro nesta ter\u00e7a-feira (27).<\/p>\n\n\n\n<p>A partida ser\u00e1 contra o Real Ariquemes\/RO. Antes marcada para o dia 09 de julho, um domingo, \u00e0s 16h, a bola vai rolar no dia 10 de julho, uma segunda-feira, \u00e0s 20h. O palco ser\u00e1 o mesmo: o est\u00e1dio Serej\u00e3o, em Taguatinga.<\/p>\n\n\n\n<p><\/p>\n","protected":false},"excerpt":{"rendered":"<p>O Brasiliense entrou com um pedido junto \u00e0 Confedera\u00e7\u00e3o Brasileira de Futebol para alterar o hor\u00e1rio do jogo da 12\u00aa rodada do Campeonato Brasileiro da S\u00e9rie D e foi atendido. A altera\u00e7\u00e3o foi processada pela entidade m\u00e1xima do futebol brasileiro nesta ter\u00e7a-feira (27). A partida ser\u00e1 contra o Real Ariquemes\/RO. Antes marcada para o dia [&hellip;]<\/p>\n","protected":false},"author":2,"featured_media":11591,"comment_status":"closed","ping_status":"closed","sticky":false,"template":"","format":"standard","meta":{"footnotes":""},"categories":[8],"tags":[],"class_list":["post-24486","post","type-post","status-publish","format-standard","has-post-thumbnail","hentry","category-futebol"],"_links":{"self":[{"href":"https:\/\/www.esportesbrasilia.com.br\/noticias\/wp-json\/wp\/v2\/posts\/24486","targetHints":{"allow":["GET"]}}],"collection":[{"href":"https:\/\/www.esportesbrasilia.com.br\/noticias\/wp-json\/wp\/v2\/posts"}],"about":[{"href":"https:\/\/www.esportesbrasilia.com.br\/noticias\/wp-json\/wp\/v2\/types\/post"}],"author":[{"embeddable":true,"href":"https:\/\/www.esportesbrasilia.com.br\/noticias\/wp-json\/wp\/v2\/users\/2"}],"replies":[{"embeddable":true,"href":"https:\/\/www.esportesbrasilia.com.br\/noticias\/wp-json\/wp\/v2\/comments?post=24486"}],"version-history":[{"count":1,"href":"https:\/\/www.esportesbrasilia.com.br\/noticias\/wp-json\/wp\/v2\/posts\/24486\/revisions"}],"predecessor-version":[{"id":24487,"href":"https:\/\/www.esportesbrasilia.com.br\/noticias\/wp-json\/wp\/v2\/posts\/24486\/revisions\/24487"}],"wp:featuredmedia":[{"embeddable":true,"href":"https:\/\/www.esportesbrasilia.com.br\/noticias\/wp-json\/wp\/v2\/media\/11591"}],"wp:attachment":[{"href":"https:\/\/www.esportesbrasilia.com.br\/noticias\/wp-json\/wp\/v2\/media?parent=24486"}],"wp:term":[{"taxonomy":"category","embeddable":true,"href":"https:\/\/www.esportesbrasilia.com.br\/noticias\/wp-json\/wp\/v2\/categories?post=24486"},{"taxonomy":"post_tag","embeddable":true,"href":"https:\/\/www.esportesbrasilia.com.br\/noticias\/wp-json\/wp\/v2\/tags?post=24486"}],"curies":[{"name":"wp","href":"https:\/\/api.w.org\/{rel}","templated":true}]}}