{"id":2447,"date":"2016-07-21T13:38:10","date_gmt":"2016-07-21T16:38:10","guid":{"rendered":"http:\/\/www.esportesbrasilia.com.br\/noticias\/?p=2447"},"modified":"2016-07-21T13:41:14","modified_gmt":"2016-07-21T16:41:14","slug":"operacao-hashtag-detem-suspeitos-de-planejar-acoes-de-terrorismo","status":"publish","type":"post","link":"https:\/\/www.esportesbrasilia.com.br\/noticias\/rio2016\/operacao-hashtag-detem-suspeitos-de-planejar-acoes-de-terrorismo.html","title":{"rendered":"Opera\u00e7\u00e3o Hashtag det\u00eam suspeitos de planejar a\u00e7\u00f5es de terrorismo"},"content":{"rendered":"<p><em>Com informa\u00e7\u00f5es da\u00a0Assessoria de Imprensa\/Departamento de Pol\u00edcia Federal<\/em><\/p>\n<p>A Pol\u00edcia Federal deflagrou nesta quinta-feira (21) a Opera\u00e7\u00e3o Hashtag para desarticular grupo envolvido na promo\u00e7\u00e3o do Estado Isl\u00e2mico e na execu\u00e7\u00e3o de atos preparat\u00f3rios para a realiza\u00e7\u00e3o de atentados terroristas e outras a\u00e7\u00f5es criminosas. \u00c9 a primeira opera\u00e7\u00e3o policial ap\u00f3s a publica\u00e7\u00e3o da Lei 13.260\/2016.<\/p>\n<p>Cerca de 130 policiais cumprem mandados judiciais expedidos pela 14\u00aa Vara Federal de Curitiba &#8211; sendo 10 pris\u00f5es tempor\u00e1rias, duas condu\u00e7\u00f5es coercitivas e 19 buscas e apreens\u00f5es, nos estados do Amazonas, Cear\u00e1, Para\u00edba, Goi\u00e1s, Minas Gerais, Rio de Janeiro, S\u00e3o Paulo, Paran\u00e1 e Rio Grande do Sul.<\/p>\n<p>As investiga\u00e7\u00f5es tiveram in\u00edcio em abril com o acompanhamento de redes sociais pela Divis\u00e3o Antiterrorismo da Pol\u00edcia Federal &#8211; DAT. Os envolvidos participavam de um grupo virtual denominado &#8220;Defensores da Sharia&#8221; e planejavam adquirir armamentos para cometer crimes no Brasil e at\u00e9 mesmo no exterior.<\/p>\n<div id=\"attachment_2448\" style=\"width: 629px\" class=\"wp-caption aligncenter\"><img loading=\"lazy\" decoding=\"async\" aria-describedby=\"caption-attachment-2448\" class=\"size-full wp-image-2448\" src=\"https:\/\/www.esportesbrasilia.com.br\/noticias\/wp-content\/uploads\/ministrodajustica_div.jpeg\" alt=\"Informa\u00e7\u00f5es foram divulgadas pelo ministro da Justi\u00e7a, Alexandre de Moraes, durante entrevista coletiva - Foto: Divulga\u00e7\u00e3o\" width=\"619\" height=\"423\" srcset=\"https:\/\/www.esportesbrasilia.com.br\/noticias\/wp-content\/uploads\/ministrodajustica_div.jpeg 619w, https:\/\/www.esportesbrasilia.com.br\/noticias\/wp-content\/uploads\/ministrodajustica_div-300x205.jpeg 300w, https:\/\/www.esportesbrasilia.com.br\/noticias\/wp-content\/uploads\/ministrodajustica_div-218x150.jpeg 218w, https:\/\/www.esportesbrasilia.com.br\/noticias\/wp-content\/uploads\/ministrodajustica_div-615x420.jpeg 615w\" sizes=\"auto, (max-width: 619px) 100vw, 619px\" \/><p id=\"caption-attachment-2448\" class=\"wp-caption-text\">Informa\u00e7\u00f5es foram divulgadas pelo ministro da Justi\u00e7a, Alexandre de Moraes, durante entrevista coletiva &#8211; Foto: Divulga\u00e7\u00e3o<\/p><\/div>\n<p>Segundo o\u00a0ministro da Justi\u00e7a, Alexandre de Moraes, o grupo come\u00e7ou a preparativos para atos terroristas antes dos jogos ol\u00edmpicos, chamados de &#8220;testes&#8221;. Uma ONG com atua\u00e7\u00e3o na \u00e1rea humanit\u00e1ria e educacional tamb\u00e9m \u00e9 investigada por participa\u00e7\u00e3o no caso.<\/p>\n<p>Os investigados responder\u00e3o individualmente, na medida de suas participa\u00e7\u00f5es, pelos crimes de promo\u00e7\u00e3o de organiza\u00e7\u00e3o terrorista e realiza\u00e7\u00e3o de atos preparat\u00f3rios de terrorismo, ambos previstos na Lei 13.260\/2016.<\/p>\n<p>A pena para o primeiro crime \u00e9 de cinco a oito anos de pris\u00e3o, al\u00e9m do pagamento de multa. Para quem executa atos preparat\u00f3rios, a pena varia de tr\u00eas a 15 anos de pris\u00e3o.<\/p>\n","protected":false},"excerpt":{"rendered":"<p>Com informa\u00e7\u00f5es da\u00a0Assessoria de Imprensa\/Departamento de Pol\u00edcia Federal A Pol\u00edcia Federal deflagrou nesta quinta-feira (21) a Opera\u00e7\u00e3o Hashtag para desarticular grupo envolvido na promo\u00e7\u00e3o do Estado Isl\u00e2mico e na execu\u00e7\u00e3o de atos preparat\u00f3rios para a realiza\u00e7\u00e3o de atentados terroristas e outras a\u00e7\u00f5es criminosas. \u00c9 a primeira opera\u00e7\u00e3o policial ap\u00f3s a publica\u00e7\u00e3o da Lei 13.260\/2016. Cerca [&hellip;]<\/p>\n","protected":false},"author":1,"featured_media":2448,"comment_status":"open","ping_status":"closed","sticky":false,"template":"","format":"standard","meta":{"footnotes":""},"categories":[28],"tags":[],"class_list":["post-2447","post","type-post","status-publish","format-standard","has-post-thumbnail","hentry","category-rio2016"],"_links":{"self":[{"href":"https:\/\/www.esportesbrasilia.com.br\/noticias\/wp-json\/wp\/v2\/posts\/2447","targetHints":{"allow":["GET"]}}],"collection":[{"href":"https:\/\/www.esportesbrasilia.com.br\/noticias\/wp-json\/wp\/v2\/posts"}],"about":[{"href":"https:\/\/www.esportesbrasilia.com.br\/noticias\/wp-json\/wp\/v2\/types\/post"}],"author":[{"embeddable":true,"href":"https:\/\/www.esportesbrasilia.com.br\/noticias\/wp-json\/wp\/v2\/users\/1"}],"replies":[{"embeddable":true,"href":"https:\/\/www.esportesbrasilia.com.br\/noticias\/wp-json\/wp\/v2\/comments?post=2447"}],"version-history":[{"count":4,"href":"https:\/\/www.esportesbrasilia.com.br\/noticias\/wp-json\/wp\/v2\/posts\/2447\/revisions"}],"predecessor-version":[{"id":2452,"href":"https:\/\/www.esportesbrasilia.com.br\/noticias\/wp-json\/wp\/v2\/posts\/2447\/revisions\/2452"}],"wp:featuredmedia":[{"embeddable":true,"href":"https:\/\/www.esportesbrasilia.com.br\/noticias\/wp-json\/wp\/v2\/media\/2448"}],"wp:attachment":[{"href":"https:\/\/www.esportesbrasilia.com.br\/noticias\/wp-json\/wp\/v2\/media?parent=2447"}],"wp:term":[{"taxonomy":"category","embeddable":true,"href":"https:\/\/www.esportesbrasilia.com.br\/noticias\/wp-json\/wp\/v2\/categories?post=2447"},{"taxonomy":"post_tag","embeddable":true,"href":"https:\/\/www.esportesbrasilia.com.br\/noticias\/wp-json\/wp\/v2\/tags?post=2447"}],"curies":[{"name":"wp","href":"https:\/\/api.w.org\/{rel}","templated":true}]}}