{"id":24449,"date":"2023-06-20T11:22:40","date_gmt":"2023-06-20T14:22:40","guid":{"rendered":"https:\/\/www.esportesbrasilia.com.br\/noticias\/?p=24449"},"modified":"2023-06-20T11:22:41","modified_gmt":"2023-06-20T14:22:41","slug":"a-ilusao-voltou","status":"publish","type":"post","link":"https:\/\/www.esportesbrasilia.com.br\/noticias\/colunas\/notatico\/a-ilusao-voltou.html","title":{"rendered":"A ilus\u00e3o voltou"},"content":{"rendered":"\n<p>Paulo Martins<\/p>\n\n\n\n<p>Todos os anos, os torcedores do Distrito Federal passam por ela. A tal da ilus\u00e3o. E sempre vem de forma contagiante, no ponto onde o futebol local atinge o ponto mais alto do ano.<\/p>\n\n\n\n<p>O Ceil\u00e2ndia \u00e9 um dos times-sensa\u00e7\u00e3o da S\u00e9rie D, inegavelmente. No jogo mais complicado do grupo, visitando o An\u00e1polis, tirou a invencibilidade do Galo e se manteve invicto, recuperando a ponta no A5 e rompendo com a maldi\u00e7\u00e3o de 2022, ficando apenas quatro jogos sem vencer, mas ainda sendo imbat\u00edvel.<\/p>\n\n\n\n<p>O Brasiliense deu uma resposta \u00e0 altura do Gato Preto ao superar o antes ponteiro Uni\u00e3o Rondon\u00f3polis em casa, no olho da tormenta, e afastar um pouco da press\u00e3o. Agora, com mais jogos na capital, o Jacar\u00e9 precisa manter o ritmo e voltar a se classificar. Capacidade e bola, os clubes daqui t\u00eam: agora, h\u00e1 que mostrar em campo.<\/p>\n\n\n\n<p>E todos ficamos com aquela pergunta: ser\u00e1 que agora vai? Desejamos muito e sempre que um acesso que seja, aconte\u00e7a. Enquanto n\u00e3o temos estas respostas em 2023, nos permitam sonhar! N\u00e3o nos acordem!<\/p>\n\n\n\n<p>Gostaria, caros leitores, para finalizar, de pedir desculpas pelo curto &#8212; e n\u00e3o avisado &#8212; recesso. Seguiremos nesta reta, em um ano escrevendo neste humilde espa\u00e7o sobre o que realmente nos move.<\/p>\n\n\n\n<p>Tamb\u00e9m aproveito a deixa para fazer o convite a todos para acompanharem Ceil\u00e2ndia x Brasiliense, no pr\u00f3ximo s\u00e1bado (24\/6), a partir de 14h45 pelo <a href=\"https:\/\/youtube.com\/esportesbrasilia\" target=\"_blank\" rel=\"noreferrer noopener\">Youtube<\/a>, pelo nosso aplicativo e pela Ativa FM, no dial 98,1.<\/p>\n","protected":false},"excerpt":{"rendered":"<p>Paulo Martins Todos os anos, os torcedores do Distrito Federal passam por ela. A tal da ilus\u00e3o. E sempre vem de forma contagiante, no ponto onde o futebol local atinge o ponto mais alto do ano. O Ceil\u00e2ndia \u00e9 um dos times-sensa\u00e7\u00e3o da S\u00e9rie D, inegavelmente. No jogo mais complicado do grupo, visitando o An\u00e1polis, [&hellip;]<\/p>\n","protected":false},"author":1,"featured_media":23087,"comment_status":"closed","ping_status":"closed","sticky":false,"template":"","format":"standard","meta":{"footnotes":""},"categories":[1029],"tags":[],"class_list":["post-24449","post","type-post","status-publish","format-standard","has-post-thumbnail","hentry","category-notatico"],"_links":{"self":[{"href":"https:\/\/www.esportesbrasilia.com.br\/noticias\/wp-json\/wp\/v2\/posts\/24449","targetHints":{"allow":["GET"]}}],"collection":[{"href":"https:\/\/www.esportesbrasilia.com.br\/noticias\/wp-json\/wp\/v2\/posts"}],"about":[{"href":"https:\/\/www.esportesbrasilia.com.br\/noticias\/wp-json\/wp\/v2\/types\/post"}],"author":[{"embeddable":true,"href":"https:\/\/www.esportesbrasilia.com.br\/noticias\/wp-json\/wp\/v2\/users\/1"}],"replies":[{"embeddable":true,"href":"https:\/\/www.esportesbrasilia.com.br\/noticias\/wp-json\/wp\/v2\/comments?post=24449"}],"version-history":[{"count":1,"href":"https:\/\/www.esportesbrasilia.com.br\/noticias\/wp-json\/wp\/v2\/posts\/24449\/revisions"}],"predecessor-version":[{"id":24450,"href":"https:\/\/www.esportesbrasilia.com.br\/noticias\/wp-json\/wp\/v2\/posts\/24449\/revisions\/24450"}],"wp:featuredmedia":[{"embeddable":true,"href":"https:\/\/www.esportesbrasilia.com.br\/noticias\/wp-json\/wp\/v2\/media\/23087"}],"wp:attachment":[{"href":"https:\/\/www.esportesbrasilia.com.br\/noticias\/wp-json\/wp\/v2\/media?parent=24449"}],"wp:term":[{"taxonomy":"category","embeddable":true,"href":"https:\/\/www.esportesbrasilia.com.br\/noticias\/wp-json\/wp\/v2\/categories?post=24449"},{"taxonomy":"post_tag","embeddable":true,"href":"https:\/\/www.esportesbrasilia.com.br\/noticias\/wp-json\/wp\/v2\/tags?post=24449"}],"curies":[{"name":"wp","href":"https:\/\/api.w.org\/{rel}","templated":true}]}}