{"id":24408,"date":"2023-06-15T09:33:00","date_gmt":"2023-06-15T12:33:00","guid":{"rendered":"https:\/\/www.esportesbrasilia.com.br\/noticias\/?p=24408"},"modified":"2023-06-15T00:38:40","modified_gmt":"2023-06-15T03:38:40","slug":"gama-reabre-escolinha-para-formacao-de-novos-atletas","status":"publish","type":"post","link":"https:\/\/www.esportesbrasilia.com.br\/noticias\/futebol\/gama-reabre-escolinha-para-formacao-de-novos-atletas.html","title":{"rendered":"Gama reabre escolinha para forma\u00e7\u00e3o de novos atletas"},"content":{"rendered":"\n<p><em>Com informa\u00e7\u00f5es da assessoria de comunica\u00e7\u00e3o do Gama<\/em><\/p>\n\n\n\n<p>A escolinha oficial do Gama est\u00e1 de volta. Ap\u00f3s mais de uma d\u00e9cada de terceiriza\u00e7\u00f5es e mudan\u00e7as na coordena\u00e7\u00e3o, a franquia possui um novo gestor: o zagueiro e \u00eddolo alviverde Emerson. Formado na base do periquito, o novo coordenador tem passagem por equipes como Botafogo, Atl\u00e9tico-MG, Fortaleza, Athletico-PR, Coritiba e Sele\u00e7\u00e3o Brasileira, e est\u00e1 de volta para encabe\u00e7ar o projeto. <\/p>\n\n\n\n<p>A estrutura funcionar\u00e1 dentro do pr\u00f3prio CT do clube e o p\u00fablico-alvo ser\u00e1 de crian\u00e7as de 6 a 14 anos de idade. Al\u00e9m do j\u00e1 citado Emerson, outros ex-jogadores do clube estar\u00e3o envolvidos no projeto, caso do ex-zagueiro G\u00e9rson e o ex-lateral-esquerdo Rochinha. <\/p>\n\n\n\n<p>&#8220;\u00c9 um momento de reestrutura\u00e7\u00e3o do clube como um todo e nada melhor do que come\u00e7ar pelo in\u00edcio: a juventude. Acredito que alimentando os sonhos desses jovens, prepararemos os atletas para alcan\u00e7arem as categorias de base do clube. Creio que dessa forma estarei ajudando a fortalecer a marca da SEG e fortalecendo a alma gamense&#8221;, diz o coordenador Emerson.<\/p>\n\n\n\n<p>As informa\u00e7\u00f5es sobre as matr\u00edculas e as turmas ser\u00e3o divulgadas, segundo a assessoria de imprensa do clube, nas redes sociais do Gama.<\/p>\n\n\n\n<p><\/p>\n\n\n\n<p><\/p>\n\n\n\n<p><\/p>\n\n\n\n<p><\/p>\n\n\n\n<p><\/p>\n\n\n\n<p><\/p>\n\n\n\n<p><\/p>\n\n\n\n<p><\/p>\n","protected":false},"excerpt":{"rendered":"<p>Com informa\u00e7\u00f5es da assessoria de comunica\u00e7\u00e3o do Gama A escolinha oficial do Gama est\u00e1 de volta. Ap\u00f3s mais de uma d\u00e9cada de terceiriza\u00e7\u00f5es e mudan\u00e7as na coordena\u00e7\u00e3o, a franquia possui um novo gestor: o zagueiro e \u00eddolo alviverde Emerson. Formado na base do periquito, o novo coordenador tem passagem por equipes como Botafogo, Atl\u00e9tico-MG, Fortaleza, [&hellip;]<\/p>\n","protected":false},"author":1,"featured_media":8427,"comment_status":"closed","ping_status":"closed","sticky":false,"template":"","format":"standard","meta":{"footnotes":""},"categories":[8],"tags":[],"class_list":["post-24408","post","type-post","status-publish","format-standard","has-post-thumbnail","hentry","category-futebol"],"_links":{"self":[{"href":"https:\/\/www.esportesbrasilia.com.br\/noticias\/wp-json\/wp\/v2\/posts\/24408","targetHints":{"allow":["GET"]}}],"collection":[{"href":"https:\/\/www.esportesbrasilia.com.br\/noticias\/wp-json\/wp\/v2\/posts"}],"about":[{"href":"https:\/\/www.esportesbrasilia.com.br\/noticias\/wp-json\/wp\/v2\/types\/post"}],"author":[{"embeddable":true,"href":"https:\/\/www.esportesbrasilia.com.br\/noticias\/wp-json\/wp\/v2\/users\/1"}],"replies":[{"embeddable":true,"href":"https:\/\/www.esportesbrasilia.com.br\/noticias\/wp-json\/wp\/v2\/comments?post=24408"}],"version-history":[{"count":1,"href":"https:\/\/www.esportesbrasilia.com.br\/noticias\/wp-json\/wp\/v2\/posts\/24408\/revisions"}],"predecessor-version":[{"id":24415,"href":"https:\/\/www.esportesbrasilia.com.br\/noticias\/wp-json\/wp\/v2\/posts\/24408\/revisions\/24415"}],"wp:featuredmedia":[{"embeddable":true,"href":"https:\/\/www.esportesbrasilia.com.br\/noticias\/wp-json\/wp\/v2\/media\/8427"}],"wp:attachment":[{"href":"https:\/\/www.esportesbrasilia.com.br\/noticias\/wp-json\/wp\/v2\/media?parent=24408"}],"wp:term":[{"taxonomy":"category","embeddable":true,"href":"https:\/\/www.esportesbrasilia.com.br\/noticias\/wp-json\/wp\/v2\/categories?post=24408"},{"taxonomy":"post_tag","embeddable":true,"href":"https:\/\/www.esportesbrasilia.com.br\/noticias\/wp-json\/wp\/v2\/tags?post=24408"}],"curies":[{"name":"wp","href":"https:\/\/api.w.org\/{rel}","templated":true}]}}