{"id":24397,"date":"2023-06-10T09:47:00","date_gmt":"2023-06-10T12:47:00","guid":{"rendered":"https:\/\/www.esportesbrasilia.com.br\/noticias\/?p=24397"},"modified":"2023-06-10T00:50:13","modified_gmt":"2023-06-10T03:50:13","slug":"brasilia-sedia-etapa-da-liga-das-nacoes-de-volei-feminino","status":"publish","type":"post","link":"https:\/\/www.esportesbrasilia.com.br\/noticias\/volei\/brasilia-sedia-etapa-da-liga-das-nacoes-de-volei-feminino.html","title":{"rendered":"Bras\u00edlia sedia etapa da Liga das Na\u00e7\u00f5es de V\u00f4lei Feminino"},"content":{"rendered":"\n<p><strong>Com informa\u00e7\u00f5es da Ag\u00eancia Bras\u00edlia<br>Foto: Wander Roberto\/Inovafoto<\/strong><\/p>\n\n\n\n<p>Bras\u00edlia recebe, nesta semana, a etapa da Liga das Na\u00e7\u00f5es de V\u00f4lei Feminino. A competi\u00e7\u00e3o ocorre durante os dias 13 e 18 deste m\u00eas, na Arena BRB Nilson Nelson, e vai receber as sele\u00e7\u00f5es do Brasil, Estados Unidos, Jap\u00e3o, Alemanha, Coreia do Sul, Cro\u00e1cia, S\u00e9rvia e Tail\u00e2ndia.<\/p>\n\n\n\n<p>A Liga das Na\u00e7\u00f5es de V\u00f4lei Feminino \u00e9 um evento anual de destaque no v\u00f4lei feminino, organizado pela Federa\u00e7\u00e3o Internacional de Voleibol (FIVB).<\/p>\n\n\n\n<p>Os ingressos para os jogos j\u00e1 est\u00e3o dispon\u00edveis para venda no&nbsp;<a href=\"https:\/\/www.eventim.com.br\/artist\/vnl\/?affiliate=BR1\" target=\"_blank\" rel=\"noreferrer noopener\">site da Eventim<\/a>, mas tamb\u00e9m podem ser adquiridos na pr\u00f3pria Arena BRB Nilson Nelson durante os dias de competi\u00e7\u00e3o.<\/p>\n\n\n\n<p><strong>Liga das Na\u00e7\u00f5es<\/strong><\/p>\n\n\n\n<p>Na Liga das Na\u00e7\u00f5es de V\u00f4lei Feminino, as principais sele\u00e7\u00f5es nacionais de v\u00f4lei feminino do mundo se enfrentam em uma s\u00e9rie de etapas ao longo da temporada. Os pa\u00edses participantes jogam entre si em partidas de alto n\u00edvel, visando alcan\u00e7ar a fase final do torneio. A competi\u00e7\u00e3o \u00e9 composta por tr\u00eas fases \u2013 de grupos, de classifica\u00e7\u00e3o e final.<\/p>\n\n\n\n<p><strong>Confira datas e hor\u00e1rios dos jogos:<\/strong><\/p>\n\n\n\n<p><strong>Ter\u00e7a-feira (13)<\/strong><br>17h30 \u2013 Cro\u00e1cia x Estados Unidos<br>21h \u2013 Jap\u00e3o x S\u00e9rvia<\/p>\n\n\n\n<p><strong>Quarta-feira (14)<\/strong><br>17h30 \u2013 Alemanha x Tail\u00e2ndia<br>21h \u2013 Brasil x Coreia do Sul<\/p>\n\n\n\n<p><strong>Quinta-feira (15)<\/strong><br>14h \u2013 Tail\u00e2ndia x Estados Unidos<br>17h30 \u2013 Jap\u00e3o x Coreia do Sul<br>21h \u2013 Brasil x S\u00e9rvia<\/p>\n\n\n\n<p><strong>Sexta-feira (16)<\/strong><br>14h \u2013 Jap\u00e3o x Alemanha<br>17h30 \u2013 Coreia do Sul x Cro\u00e1cia<br>21h \u2013 S\u00e9rvia x Tail\u00e2ndia<\/p>\n\n\n\n<p><strong>S\u00e1bado (17)<\/strong><br>14h \u2013 Brasil x Alemanha<br>17h30 \u2013 Jap\u00e3o x Estados Unidos<br>21h \u2013 S\u00e9rvia x Cro\u00e1cia<\/p>\n\n\n\n<p><strong>Domingo (18)<\/strong><br>10h \u2013 Brasil x Estados Unidos<br>14h \u2013 Tail\u00e2ndia x Cro\u00e1cia<br>17h30 \u2013 Alemanha x Coreia do Sul<\/p>\n","protected":false},"excerpt":{"rendered":"<p>Com informa\u00e7\u00f5es da Ag\u00eancia Bras\u00edliaFoto: Wander Roberto\/Inovafoto Bras\u00edlia recebe, nesta semana, a etapa da Liga das Na\u00e7\u00f5es de V\u00f4lei Feminino. A competi\u00e7\u00e3o ocorre durante os dias 13 e 18 deste m\u00eas, na Arena BRB Nilson Nelson, e vai receber as sele\u00e7\u00f5es do Brasil, Estados Unidos, Jap\u00e3o, Alemanha, Coreia do Sul, Cro\u00e1cia, S\u00e9rvia e Tail\u00e2ndia. A [&hellip;]<\/p>\n","protected":false},"author":1,"featured_media":20069,"comment_status":"closed","ping_status":"closed","sticky":false,"template":"","format":"standard","meta":{"footnotes":""},"categories":[11],"tags":[],"class_list":["post-24397","post","type-post","status-publish","format-standard","has-post-thumbnail","hentry","category-volei"],"_links":{"self":[{"href":"https:\/\/www.esportesbrasilia.com.br\/noticias\/wp-json\/wp\/v2\/posts\/24397","targetHints":{"allow":["GET"]}}],"collection":[{"href":"https:\/\/www.esportesbrasilia.com.br\/noticias\/wp-json\/wp\/v2\/posts"}],"about":[{"href":"https:\/\/www.esportesbrasilia.com.br\/noticias\/wp-json\/wp\/v2\/types\/post"}],"author":[{"embeddable":true,"href":"https:\/\/www.esportesbrasilia.com.br\/noticias\/wp-json\/wp\/v2\/users\/1"}],"replies":[{"embeddable":true,"href":"https:\/\/www.esportesbrasilia.com.br\/noticias\/wp-json\/wp\/v2\/comments?post=24397"}],"version-history":[{"count":1,"href":"https:\/\/www.esportesbrasilia.com.br\/noticias\/wp-json\/wp\/v2\/posts\/24397\/revisions"}],"predecessor-version":[{"id":24398,"href":"https:\/\/www.esportesbrasilia.com.br\/noticias\/wp-json\/wp\/v2\/posts\/24397\/revisions\/24398"}],"wp:featuredmedia":[{"embeddable":true,"href":"https:\/\/www.esportesbrasilia.com.br\/noticias\/wp-json\/wp\/v2\/media\/20069"}],"wp:attachment":[{"href":"https:\/\/www.esportesbrasilia.com.br\/noticias\/wp-json\/wp\/v2\/media?parent=24397"}],"wp:term":[{"taxonomy":"category","embeddable":true,"href":"https:\/\/www.esportesbrasilia.com.br\/noticias\/wp-json\/wp\/v2\/categories?post=24397"},{"taxonomy":"post_tag","embeddable":true,"href":"https:\/\/www.esportesbrasilia.com.br\/noticias\/wp-json\/wp\/v2\/tags?post=24397"}],"curies":[{"name":"wp","href":"https:\/\/api.w.org\/{rel}","templated":true}]}}