{"id":24346,"date":"2023-05-29T13:47:23","date_gmt":"2023-05-29T16:47:23","guid":{"rendered":"https:\/\/www.esportesbrasilia.com.br\/noticias\/?p=24346"},"modified":"2023-05-29T13:47:23","modified_gmt":"2023-05-29T16:47:23","slug":"brasiliense-x-ceilandia-o-confronto-de-encantados-e-desencantados","status":"publish","type":"post","link":"https:\/\/www.esportesbrasilia.com.br\/noticias\/colunas\/notatico\/brasiliense-x-ceilandia-o-confronto-de-encantados-e-desencantados.html","title":{"rendered":"Brasiliense x Ceil\u00e2ndia: o confronto de encantados e desencantados"},"content":{"rendered":"\n<p>Paulo Martins<\/p>\n\n\n\n<p>O jogo da quinta rodada do Grupo A5, no pr\u00f3ximo s\u00e1bado (3\/6), pode ser uma determinante para ambos clubes no eterno sonho do acesso \u00e0 S\u00e9rie C. No Serej\u00e3o e sem torcida, Jacar\u00e9 e Gato Preto reeditam um duelo que vem esquentando nos \u00faltimos tempos, para al\u00e9m das finais locais de 2021 e 2022 do Candang\u00e3o.<\/p>\n\n\n\n<p>E qual \u00e9 a do encanto e do desencanto? \u00c9 simples: o Brasiliense, apesar dos sete pontos, n\u00e3o convence e tem sofrido contra times mais modestos, sem mostrar a for\u00e7a do futebol que se esperava &#8211; ali\u00e1s, que anualmente se espera &#8211; para a promo\u00e7\u00e3o.<\/p>\n\n\n\n<p>Por outro lado, passada a m\u00e1 campanha no estadual, o Ceil\u00e2ndia se encontrou com o pr\u00f3prio futebol. Melhor dizendo, se viu com uma nova vers\u00e3o em campo, com imposi\u00e7\u00e3o, posse de bola e variedade ofensiva. L\u00edderes do grupo, os ceilandenses t\u00eam 11 gols marcados e nenhum (sim, nenhum!) sofrido.<\/p>\n\n\n\n<p>Na estreia do Candang\u00e3o deste ano, os auribrancos aplicaram um 3 x 0 em pleno Abadi\u00e3o. A sensa\u00e7\u00e3o da pr\u00e9via \u00e9 de que h\u00e1 a chance de troco dos alvinegros. Nada como a bola rolando para nos trazer as respostas.<\/p>\n\n\n\n<p>A partida ter\u00e1 transmiss\u00e3o da N\u00famero 1 em Esportes a partir das 15h30. Voc\u00ea nos acompanha pelo nosso canal do <a href=\"https:\/\/youtube.com\/esportesbrasilia\" target=\"_blank\" rel=\"noreferrer noopener\">YouTube<\/a> e tamb\u00e9m pelos 98,1 da Ativa FM, para Samambaia, Taguatinga Sul, Ceil\u00e2ndia e regi\u00f5es, al\u00e9m do app da EB.<\/p>\n","protected":false},"excerpt":{"rendered":"<p>Paulo Martins O jogo da quinta rodada do Grupo A5, no pr\u00f3ximo s\u00e1bado (3\/6), pode ser uma determinante para ambos clubes no eterno sonho do acesso \u00e0 S\u00e9rie C. No Serej\u00e3o e sem torcida, Jacar\u00e9 e Gato Preto reeditam um duelo que vem esquentando nos \u00faltimos tempos, para al\u00e9m das finais locais de 2021 e [&hellip;]<\/p>\n","protected":false},"author":1,"featured_media":23087,"comment_status":"closed","ping_status":"closed","sticky":false,"template":"","format":"standard","meta":{"footnotes":""},"categories":[1029],"tags":[],"class_list":["post-24346","post","type-post","status-publish","format-standard","has-post-thumbnail","hentry","category-notatico"],"_links":{"self":[{"href":"https:\/\/www.esportesbrasilia.com.br\/noticias\/wp-json\/wp\/v2\/posts\/24346","targetHints":{"allow":["GET"]}}],"collection":[{"href":"https:\/\/www.esportesbrasilia.com.br\/noticias\/wp-json\/wp\/v2\/posts"}],"about":[{"href":"https:\/\/www.esportesbrasilia.com.br\/noticias\/wp-json\/wp\/v2\/types\/post"}],"author":[{"embeddable":true,"href":"https:\/\/www.esportesbrasilia.com.br\/noticias\/wp-json\/wp\/v2\/users\/1"}],"replies":[{"embeddable":true,"href":"https:\/\/www.esportesbrasilia.com.br\/noticias\/wp-json\/wp\/v2\/comments?post=24346"}],"version-history":[{"count":1,"href":"https:\/\/www.esportesbrasilia.com.br\/noticias\/wp-json\/wp\/v2\/posts\/24346\/revisions"}],"predecessor-version":[{"id":24347,"href":"https:\/\/www.esportesbrasilia.com.br\/noticias\/wp-json\/wp\/v2\/posts\/24346\/revisions\/24347"}],"wp:featuredmedia":[{"embeddable":true,"href":"https:\/\/www.esportesbrasilia.com.br\/noticias\/wp-json\/wp\/v2\/media\/23087"}],"wp:attachment":[{"href":"https:\/\/www.esportesbrasilia.com.br\/noticias\/wp-json\/wp\/v2\/media?parent=24346"}],"wp:term":[{"taxonomy":"category","embeddable":true,"href":"https:\/\/www.esportesbrasilia.com.br\/noticias\/wp-json\/wp\/v2\/categories?post=24346"},{"taxonomy":"post_tag","embeddable":true,"href":"https:\/\/www.esportesbrasilia.com.br\/noticias\/wp-json\/wp\/v2\/tags?post=24346"}],"curies":[{"name":"wp","href":"https:\/\/api.w.org\/{rel}","templated":true}]}}