{"id":24270,"date":"2023-05-08T12:06:47","date_gmt":"2023-05-08T15:06:47","guid":{"rendered":"https:\/\/www.esportesbrasilia.com.br\/noticias\/?p=24270"},"modified":"2023-05-08T12:06:47","modified_gmt":"2023-05-08T15:06:47","slug":"df-tem-boa-estreia-na-serie-d-mas-nao-para-comemorar","status":"publish","type":"post","link":"https:\/\/www.esportesbrasilia.com.br\/noticias\/colunas\/notatico\/df-tem-boa-estreia-na-serie-d-mas-nao-para-comemorar.html","title":{"rendered":"DF tem boa estreia na S\u00e9rie D, mas n\u00e3o para comemorar"},"content":{"rendered":"\n<p>&#8220;Ora, Paulo. Por que n\u00e3o se pode comemorar as vit\u00f3rias que Brasiliense e Ceil\u00e2ndia tiveram esta semana?&#8221;, podem se perguntar voc\u00eas. A situa\u00e7\u00e3o, caros leitores, \u00e9, tamb\u00e9m pelo longo caminho a percorrer por ambos, ainda que parem na zona de grupos.<\/p>\n\n\n\n<p>O vi\u00e9s \u00e9 bem mais realista do que pessimista, para que se entenda. Tanto Oper\u00e1rio de V\u00e1rzea Grande quanto Ipor\u00e1 remodelaram os elencos e est\u00e3o em um novo recome\u00e7o de trabalho. T\u00e1tica t\u00edpica do come\u00e7o do campeonato.<\/p>\n\n\n\n<p>Isso tampouco quer dizer que os times da capital federal, com treinadores e jogadores em trabalho mais avan\u00e7ados, n\u00e3o possam chegar longe no campeonato. Se por um lado o Jacar\u00e9 segue uma inc\u00f3gnita eterna, por outro o Gato Preto deu uma boa resposta \u00e0 campanha abaixo do esperado mostrada no Candang\u00e3o.<\/p>\n\n\n\n<p>Pelo ajuste de mercado dispon\u00edvel \u00e0 frente, de acordo com a conveni\u00eancia de momento, hoje, d\u00e1 para afirmar que ambos clubes t\u00eam condi\u00e7\u00e3o de subir, apesar da necessidade de medir cada passo neste campeonato trai\u00e7oeiro.<\/p>\n\n\n\n<p>Independentemente do desfecho, o come\u00e7o desta S\u00e9rie D \u00e9 um sinal positivo sobretudo pelo n\u00edvel do Candang\u00e3o. Ora, a organiza\u00e7\u00e3o antecipada e o futebol apresentados pelos clubes do DF, mais al\u00e9m das condi\u00e7\u00f5es rivais, \u00e9 de se reconhecer e aplaudir, mas n\u00e3o de festejar: ainda h\u00e1 muito o que jogar, isso sim.<\/p>\n","protected":false},"excerpt":{"rendered":"<p>&#8220;Ora, Paulo. Por que n\u00e3o se pode comemorar as vit\u00f3rias que Brasiliense e Ceil\u00e2ndia tiveram esta semana?&#8221;, podem se perguntar voc\u00eas. A situa\u00e7\u00e3o, caros leitores, \u00e9, tamb\u00e9m pelo longo caminho a percorrer por ambos, ainda que parem na zona de grupos. O vi\u00e9s \u00e9 bem mais realista do que pessimista, para que se entenda. Tanto [&hellip;]<\/p>\n","protected":false},"author":1,"featured_media":23087,"comment_status":"closed","ping_status":"closed","sticky":false,"template":"","format":"standard","meta":{"footnotes":""},"categories":[1029],"tags":[],"class_list":["post-24270","post","type-post","status-publish","format-standard","has-post-thumbnail","hentry","category-notatico"],"_links":{"self":[{"href":"https:\/\/www.esportesbrasilia.com.br\/noticias\/wp-json\/wp\/v2\/posts\/24270","targetHints":{"allow":["GET"]}}],"collection":[{"href":"https:\/\/www.esportesbrasilia.com.br\/noticias\/wp-json\/wp\/v2\/posts"}],"about":[{"href":"https:\/\/www.esportesbrasilia.com.br\/noticias\/wp-json\/wp\/v2\/types\/post"}],"author":[{"embeddable":true,"href":"https:\/\/www.esportesbrasilia.com.br\/noticias\/wp-json\/wp\/v2\/users\/1"}],"replies":[{"embeddable":true,"href":"https:\/\/www.esportesbrasilia.com.br\/noticias\/wp-json\/wp\/v2\/comments?post=24270"}],"version-history":[{"count":1,"href":"https:\/\/www.esportesbrasilia.com.br\/noticias\/wp-json\/wp\/v2\/posts\/24270\/revisions"}],"predecessor-version":[{"id":24271,"href":"https:\/\/www.esportesbrasilia.com.br\/noticias\/wp-json\/wp\/v2\/posts\/24270\/revisions\/24271"}],"wp:featuredmedia":[{"embeddable":true,"href":"https:\/\/www.esportesbrasilia.com.br\/noticias\/wp-json\/wp\/v2\/media\/23087"}],"wp:attachment":[{"href":"https:\/\/www.esportesbrasilia.com.br\/noticias\/wp-json\/wp\/v2\/media?parent=24270"}],"wp:term":[{"taxonomy":"category","embeddable":true,"href":"https:\/\/www.esportesbrasilia.com.br\/noticias\/wp-json\/wp\/v2\/categories?post=24270"},{"taxonomy":"post_tag","embeddable":true,"href":"https:\/\/www.esportesbrasilia.com.br\/noticias\/wp-json\/wp\/v2\/tags?post=24270"}],"curies":[{"name":"wp","href":"https:\/\/api.w.org\/{rel}","templated":true}]}}