{"id":24235,"date":"2023-05-02T14:56:32","date_gmt":"2023-05-02T17:56:32","guid":{"rendered":"https:\/\/www.esportesbrasilia.com.br\/noticias\/?p=24235"},"modified":"2023-05-02T14:56:32","modified_gmt":"2023-05-02T17:56:32","slug":"recomeca-a-vida-do-df-no-brasileirao","status":"publish","type":"post","link":"https:\/\/www.esportesbrasilia.com.br\/noticias\/colunas\/notatico\/recomeca-a-vida-do-df-no-brasileirao.html","title":{"rendered":"Recome\u00e7a a vida do DF no Brasileir\u00e3o"},"content":{"rendered":"\n<p>Paulo Martins<\/p>\n\n\n\n<p>Quisera eu, caros leitores, pronunciar o t\u00edtulo em tom de alegria. Entretanto, nossa amargura j\u00e1 leva uma d\u00e9cada e nada se faz pelo futebol da capital para voltarmos a ter representatividade sequer na terceira divis\u00e3o nacional.<\/p>\n\n\n\n<p>Os participantes da S\u00e9rie D do Campeonato Brasileiro de 2023 repetem as presen\u00e7as de 2022. E, pasmem, a expectativa pelo acesso de Brasiliense e Ceil\u00e2ndia \u00e9 ainda menor. O come\u00e7o do caminho, para somar \u00e0 ocasi\u00e3o, \u00e9 ainda mais complicado.<\/p>\n\n\n\n<p>O Jacar\u00e9 visita o Oper\u00e1rio mato-grossense na Grande Cuiab\u00e1, em jogo contra um semifinalista de seu bom estadual. Para agregar, o auribranco sequer concluiu o objetivo de ser campe\u00e3o distrital, tendo como maior trunfo seu t\u00e9cnico, Roberto Cavalo, salvador da temporada com a classifica\u00e7\u00e3o \u00e0 final.<\/p>\n\n\n\n<p>Do lado ceilandense, com uma fraca exibi\u00e7\u00e3o local, a esperan\u00e7a \u00e9 de lan\u00e7ar a sorte como na boa campanha da Copa do Brasil de 2022. O caminho se inicia frente ao Ipor\u00e1, dentro de casa, neste s\u00e1bado (6\/5), com transmiss\u00e3o da <strong>N\u00famero 1<\/strong>.<\/p>\n\n\n\n<p>Os testes e rodagens no elenco s\u00e3o pr\u00e1tica comum e nunca assertiva dos representantes da capital federal. Tal mesmice retira a esperan\u00e7a de dias melhores para o futebol de Bras\u00edlia.<\/p>\n\n\n\n<p>Se bem temos as mesmas incertezas de sempre, a garantia \u00e9 de que a <strong>Esportes Bras\u00edlia<\/strong> estar\u00e1 aqui para contar o desfecho da passagem candanga pelo Brasileir\u00e3o 2023.<\/p>\n","protected":false},"excerpt":{"rendered":"<p>Paulo Martins Quisera eu, caros leitores, pronunciar o t\u00edtulo em tom de alegria. Entretanto, nossa amargura j\u00e1 leva uma d\u00e9cada e nada se faz pelo futebol da capital para voltarmos a ter representatividade sequer na terceira divis\u00e3o nacional. Os participantes da S\u00e9rie D do Campeonato Brasileiro de 2023 repetem as presen\u00e7as de 2022. E, pasmem, [&hellip;]<\/p>\n","protected":false},"author":1,"featured_media":23087,"comment_status":"closed","ping_status":"closed","sticky":false,"template":"","format":"standard","meta":{"footnotes":""},"categories":[1029],"tags":[],"class_list":["post-24235","post","type-post","status-publish","format-standard","has-post-thumbnail","hentry","category-notatico"],"_links":{"self":[{"href":"https:\/\/www.esportesbrasilia.com.br\/noticias\/wp-json\/wp\/v2\/posts\/24235","targetHints":{"allow":["GET"]}}],"collection":[{"href":"https:\/\/www.esportesbrasilia.com.br\/noticias\/wp-json\/wp\/v2\/posts"}],"about":[{"href":"https:\/\/www.esportesbrasilia.com.br\/noticias\/wp-json\/wp\/v2\/types\/post"}],"author":[{"embeddable":true,"href":"https:\/\/www.esportesbrasilia.com.br\/noticias\/wp-json\/wp\/v2\/users\/1"}],"replies":[{"embeddable":true,"href":"https:\/\/www.esportesbrasilia.com.br\/noticias\/wp-json\/wp\/v2\/comments?post=24235"}],"version-history":[{"count":1,"href":"https:\/\/www.esportesbrasilia.com.br\/noticias\/wp-json\/wp\/v2\/posts\/24235\/revisions"}],"predecessor-version":[{"id":24236,"href":"https:\/\/www.esportesbrasilia.com.br\/noticias\/wp-json\/wp\/v2\/posts\/24235\/revisions\/24236"}],"wp:featuredmedia":[{"embeddable":true,"href":"https:\/\/www.esportesbrasilia.com.br\/noticias\/wp-json\/wp\/v2\/media\/23087"}],"wp:attachment":[{"href":"https:\/\/www.esportesbrasilia.com.br\/noticias\/wp-json\/wp\/v2\/media?parent=24235"}],"wp:term":[{"taxonomy":"category","embeddable":true,"href":"https:\/\/www.esportesbrasilia.com.br\/noticias\/wp-json\/wp\/v2\/categories?post=24235"},{"taxonomy":"post_tag","embeddable":true,"href":"https:\/\/www.esportesbrasilia.com.br\/noticias\/wp-json\/wp\/v2\/tags?post=24235"}],"curies":[{"name":"wp","href":"https:\/\/api.w.org\/{rel}","templated":true}]}}