{"id":24232,"date":"2023-05-02T12:20:55","date_gmt":"2023-05-02T15:20:55","guid":{"rendered":"https:\/\/www.esportesbrasilia.com.br\/noticias\/?p=24232"},"modified":"2023-05-02T15:15:19","modified_gmt":"2023-05-02T18:15:19","slug":"brasiliense-reformula-elenco-e-se-prepara-para-a-estreia-no-mato-grosso","status":"publish","type":"post","link":"https:\/\/www.esportesbrasilia.com.br\/noticias\/futebol\/brasiliense-reformula-elenco-e-se-prepara-para-a-estreia-no-mato-grosso.html","title":{"rendered":"Brasiliense reformula elenco e se prepara para a estreia no Mato Grosso"},"content":{"rendered":"\n<p><em>Atualizado em 02\/05\/2023 \u00e0s 15:10<\/em><\/p>\n\n\n\n<p>Um dos representantes do Distrito Federal na s\u00e9rie D do brasileiro de 2023 \u00e9 o Brasiliense, equipe que \u00e9 o atual vice-campe\u00e3o do Distrito Federal, depois de perder o t\u00edtulo para o surpreendente Real Bras\u00edlia.\u00a0<\/p>\n\n\n\n<p>Ap\u00f3s o encerramento do 48\u00ba Campeonato Brasiliense de Futebol, a diretoria do Brasiliense fez uma verdadeira reformula\u00e7\u00e3o no elenco. Praticamente um time inteiro foi desligado e refor\u00e7os chegaram para o elenco.&nbsp;<\/p>\n\n\n\n<p>Deixaram o jacar\u00e9 os goleiros Artur, Harrison e Edmar Sucuri (este emprestado ao Asa\/AL), o atacante Daniel Alagoano, os laterais Goduxo e Alo\u00edsio, os meias Felipinho e Renan Oliveira e os zagueiros Igor Matheus, Railon e Preto Costa.\u00a0\u00a0<\/p>\n\n\n\n<p>Em contrapartida, chegaram ao time os goleiros Ravel e Vav\u00e1, o jovem atacante Americano, os meio campistas Dandan e Bruno Consedey e&nbsp;&nbsp;o lateral esquerdo Felipe Alves. Permaneceram no elenco jogadores conhecidos como Radam\u00e9s, Nadson, Hernane Brocador e Kieza.&nbsp;&nbsp;<\/p>\n\n\n\n<p>O jacar\u00e9 brasiliense realizou esta semana tr\u00eas amistosos: empatou em 0x0 com a Patrocinense\/MG, venceu o Uberl\u00e2ndia\/MG por 3&#215;1 e um combinado do munic\u00edpio de Arax\u00e1\/MG por 2&#215;0.&nbsp;&nbsp;<\/p>\n\n\n\n<p>O Brasiliense est\u00e1 no grupo A5 da s\u00e9rie D do brasileiro e estreia no pr\u00f3ximo s\u00e1bado, \u00e0s 16 horas (hor\u00e1rio de Bras\u00edlia), no est\u00e1dio Dito Souza, em Varzea Grande, diante do Oper\u00e1rio\/MT. Tamb\u00e9m fazem parte deste grupo A5 o Interporto\/TO, o Uni\u00e3o\/MT, o Ceil\u00e2ndia\/DF e Ipor\u00e1\/GO, al\u00e9m do An\u00e1polis\/GO e Real Ariquemes\/RO.&nbsp;<\/p>\n\n\n\n<p>A delega\u00e7\u00e3o do Brasiliense seguir\u00e1 para Cuiab\u00e1, capital do Mato Grosso, no in\u00edcio da noite da quinta-feira. Na sexta-feira, j\u00e1 em terras mato-grossenses, o t\u00e9cnico Roberto Cavalo comandar\u00e1 o elenco em um preparat\u00f3rio no local do jogo do pr\u00f3ximo s\u00e1bado.<\/p>\n\n\n\n<p><\/p>\n","protected":false},"excerpt":{"rendered":"<p>Atualizado em 02\/05\/2023 \u00e0s 15:10 Um dos representantes do Distrito Federal na s\u00e9rie D do brasileiro de 2023 \u00e9 o Brasiliense, equipe que \u00e9 o atual vice-campe\u00e3o do Distrito Federal, depois de perder o t\u00edtulo para o surpreendente Real Bras\u00edlia.\u00a0 Ap\u00f3s o encerramento do 48\u00ba Campeonato Brasiliense de Futebol, a diretoria do Brasiliense fez uma [&hellip;]<\/p>\n","protected":false},"author":7,"featured_media":11591,"comment_status":"closed","ping_status":"closed","sticky":false,"template":"","format":"standard","meta":{"footnotes":""},"categories":[8],"tags":[34],"class_list":["post-24232","post","type-post","status-publish","format-standard","has-post-thumbnail","hentry","category-futebol","tag-brasiliense"],"_links":{"self":[{"href":"https:\/\/www.esportesbrasilia.com.br\/noticias\/wp-json\/wp\/v2\/posts\/24232","targetHints":{"allow":["GET"]}}],"collection":[{"href":"https:\/\/www.esportesbrasilia.com.br\/noticias\/wp-json\/wp\/v2\/posts"}],"about":[{"href":"https:\/\/www.esportesbrasilia.com.br\/noticias\/wp-json\/wp\/v2\/types\/post"}],"author":[{"embeddable":true,"href":"https:\/\/www.esportesbrasilia.com.br\/noticias\/wp-json\/wp\/v2\/users\/7"}],"replies":[{"embeddable":true,"href":"https:\/\/www.esportesbrasilia.com.br\/noticias\/wp-json\/wp\/v2\/comments?post=24232"}],"version-history":[{"count":4,"href":"https:\/\/www.esportesbrasilia.com.br\/noticias\/wp-json\/wp\/v2\/posts\/24232\/revisions"}],"predecessor-version":[{"id":24239,"href":"https:\/\/www.esportesbrasilia.com.br\/noticias\/wp-json\/wp\/v2\/posts\/24232\/revisions\/24239"}],"wp:featuredmedia":[{"embeddable":true,"href":"https:\/\/www.esportesbrasilia.com.br\/noticias\/wp-json\/wp\/v2\/media\/11591"}],"wp:attachment":[{"href":"https:\/\/www.esportesbrasilia.com.br\/noticias\/wp-json\/wp\/v2\/media?parent=24232"}],"wp:term":[{"taxonomy":"category","embeddable":true,"href":"https:\/\/www.esportesbrasilia.com.br\/noticias\/wp-json\/wp\/v2\/categories?post=24232"},{"taxonomy":"post_tag","embeddable":true,"href":"https:\/\/www.esportesbrasilia.com.br\/noticias\/wp-json\/wp\/v2\/tags?post=24232"}],"curies":[{"name":"wp","href":"https:\/\/api.w.org\/{rel}","templated":true}]}}