{"id":24217,"date":"2023-04-23T21:50:00","date_gmt":"2023-04-24T00:50:00","guid":{"rendered":"https:\/\/www.esportesbrasilia.com.br\/noticias\/?p=24217"},"modified":"2023-04-24T15:04:07","modified_gmt":"2023-04-24T18:04:07","slug":"capital-goleia-ceilandia-e-esta-proximo-da-segunda-fase-do-brasileirao-feminino-a3","status":"publish","type":"post","link":"https:\/\/www.esportesbrasilia.com.br\/noticias\/futebol\/capital-goleia-ceilandia-e-esta-proximo-da-segunda-fase-do-brasileirao-feminino-a3.html","title":{"rendered":"Capital goleia Ceil\u00e2ndia e est\u00e1 pr\u00f3ximo da segunda fase do Brasileir\u00e3o Feminino A3"},"content":{"rendered":"\n<p><strong>Foto: Gustavo Roquete\/Capital CF<\/strong><\/p>\n\n\n\n<p>O Ceil\u00e2ndia recebeu o Capital na tarde deste domingo (23), no est\u00e1dio Abadi\u00e3o, em Ceil\u00e2ndia, para o jogo de ida da primeira fase do Brasileir\u00e3o Feminino A3. O confronto, que aconteceu de port\u00f5es fechados, foi vencido pelo time da Coruja, de virada, por 4&#215;1.<\/p>\n\n\n\n<p>O Gato Preto abriu o placar. Aos 39 minutos, J\u00e9ssica recebeu passe vindo da esquerda, dominou e chutou de fora da grande \u00e1rea. A bola bateu no travess\u00e3o e entrou pro gol, vencendo a goleira do Capital.<\/p>\n\n\n\n<p>Ainda no primeiro tempo, aos 45, veio o empate do Capital. Janete avan\u00e7a pela direita e cruza para Buga. Ela domina, tem tempo para pensar e finalizar pro gol, anotando o primeiro da Coruja.<\/p>\n\n\n\n<p>J\u00e1 no segundo tempo, aos tr\u00eas, Janete recebe passe pelo meio, tira de duas marcadoras, invade a grande \u00e1rea e bate na sa\u00edda da goleira do Gato Preto. Um gola\u00e7o no est\u00e1dio Abadi\u00e3o, virando o jogo para o Capital.<\/p>\n\n\n\n<p>Aos 21, Janete cobra falta pela esquerda da grande \u00e1rea. A bola passa pela barreira formada por duas jogadoras do Ceil\u00e2ndia, quica e vence a goleira advers\u00e1ria. Sem ningu\u00e9m desviar, a bola vai pra rede. \u00c9 o terceiro do Capital.<\/p>\n\n\n\n<p>Com 40 minutos, em jogada ensaiada, o Capital fecha a vit\u00f3ria. Janete cobra escanteio pela esquerda e acha Buga vindo de tr\u00e1s da marca\u00e7\u00e3o. Ela cruza na medida para Mayllene desviar de cabe\u00e7a e colocar no gol, confirmando a vit\u00f3ria por 4&#215;1.<\/p>\n\n\n\n<p>No pr\u00f3ximo domingo (30), o Ceil\u00e2ndia precisa fazer tr\u00eas gols para levar a decis\u00e3o para as penalidades m\u00e1ximas. O Capital pode perder por at\u00e9 dois gols de vantagem que garante a vaga na segunda fase do Brasileir\u00e3o. O jogo da volta acontece no est\u00e1dio JK, \u00e0s 15h.<\/p>\n","protected":false},"excerpt":{"rendered":"<p>Foto: Gustavo Roquete\/Capital CF O Ceil\u00e2ndia recebeu o Capital na tarde deste domingo (23), no est\u00e1dio Abadi\u00e3o, em Ceil\u00e2ndia, para o jogo de ida da primeira fase do Brasileir\u00e3o Feminino A3. O confronto, que aconteceu de port\u00f5es fechados, foi vencido pelo time da Coruja, de virada, por 4&#215;1. O Gato Preto abriu o placar. Aos [&hellip;]<\/p>\n","protected":false},"author":2,"featured_media":24218,"comment_status":"closed","ping_status":"closed","sticky":false,"template":"","format":"standard","meta":{"footnotes":""},"categories":[8],"tags":[],"class_list":["post-24217","post","type-post","status-publish","format-standard","has-post-thumbnail","hentry","category-futebol"],"_links":{"self":[{"href":"https:\/\/www.esportesbrasilia.com.br\/noticias\/wp-json\/wp\/v2\/posts\/24217","targetHints":{"allow":["GET"]}}],"collection":[{"href":"https:\/\/www.esportesbrasilia.com.br\/noticias\/wp-json\/wp\/v2\/posts"}],"about":[{"href":"https:\/\/www.esportesbrasilia.com.br\/noticias\/wp-json\/wp\/v2\/types\/post"}],"author":[{"embeddable":true,"href":"https:\/\/www.esportesbrasilia.com.br\/noticias\/wp-json\/wp\/v2\/users\/2"}],"replies":[{"embeddable":true,"href":"https:\/\/www.esportesbrasilia.com.br\/noticias\/wp-json\/wp\/v2\/comments?post=24217"}],"version-history":[{"count":1,"href":"https:\/\/www.esportesbrasilia.com.br\/noticias\/wp-json\/wp\/v2\/posts\/24217\/revisions"}],"predecessor-version":[{"id":24219,"href":"https:\/\/www.esportesbrasilia.com.br\/noticias\/wp-json\/wp\/v2\/posts\/24217\/revisions\/24219"}],"wp:featuredmedia":[{"embeddable":true,"href":"https:\/\/www.esportesbrasilia.com.br\/noticias\/wp-json\/wp\/v2\/media\/24218"}],"wp:attachment":[{"href":"https:\/\/www.esportesbrasilia.com.br\/noticias\/wp-json\/wp\/v2\/media?parent=24217"}],"wp:term":[{"taxonomy":"category","embeddable":true,"href":"https:\/\/www.esportesbrasilia.com.br\/noticias\/wp-json\/wp\/v2\/categories?post=24217"},{"taxonomy":"post_tag","embeddable":true,"href":"https:\/\/www.esportesbrasilia.com.br\/noticias\/wp-json\/wp\/v2\/tags?post=24217"}],"curies":[{"name":"wp","href":"https:\/\/api.w.org\/{rel}","templated":true}]}}