{"id":24211,"date":"2023-04-24T14:38:50","date_gmt":"2023-04-24T17:38:50","guid":{"rendered":"https:\/\/www.esportesbrasilia.com.br\/noticias\/?p=24211"},"modified":"2023-04-24T14:38:50","modified_gmt":"2023-04-24T17:38:50","slug":"que-desafio-corinthians-e-flamengo-tem-pela-copa-do-brasil","status":"publish","type":"post","link":"https:\/\/www.esportesbrasilia.com.br\/noticias\/colunas\/notatico\/que-desafio-corinthians-e-flamengo-tem-pela-copa-do-brasil.html","title":{"rendered":"Que desafio Corinthians e Flamengo t\u00eam pela Copa do Brasil\u2026"},"content":{"rendered":"\n<p>Paulo Martins<\/p>\n\n\n\n<p>Soa at\u00e9 rid\u00edculo o t\u00edtulo pelos rivais que ambos t\u00eam pelo jogo de volta da terceira fase. Isso mesmo com um 2 x 0 contr\u00e1rio. Isto porque um mundo de coisas mudou durante os confrontos.<\/p>\n\n\n\n<p>Ambos vivem dias dif\u00edceis apesar do novo comando t\u00e9cnico. No Fla, o ajuste de ataque ainda \u00e9 quest\u00e3o de tempo, mas a defesa ser\u00e1, claramente, uma dor de cabe\u00e7a que Jorge Sampaoli vai jogar para a diretoria, na exig\u00eancia tradicional de refor\u00e7os.<\/p>\n\n\n\n<p>Ambas equipes tomaram viradas acachapantes pela segunda rodada do Brasileir\u00e3o. Se bem o rival rubro-negro era mais duro, a estreia de Cuca pelo Corinthians demonstra, para al\u00e9m do desagrado da torcida e de setores internos do clube, um come\u00e7o com o p\u00e9 esquerdo.<\/p>\n\n\n\n<p>O pr\u00f3prio comandante admitiu que, caso jogue contra o Remo o mesmo apresentado frente ao Goi\u00e1s, n\u00e3o conseguir\u00e1, sequer, vencer o jogo. Fato \u00e9 que ambas equipes t\u00eam miss\u00f5es especiais diante de suas torcidas, em casa, e querem seguir na copa milion\u00e1ria, com tudo o que isso significa para a temporada e, claro, para os trabalhos iniciais.<\/p>\n","protected":false},"excerpt":{"rendered":"<p>Paulo Martins Soa at\u00e9 rid\u00edculo o t\u00edtulo pelos rivais que ambos t\u00eam pelo jogo de volta da terceira fase. Isso mesmo com um 2 x 0 contr\u00e1rio. Isto porque um mundo de coisas mudou durante os confrontos. Ambos vivem dias dif\u00edceis apesar do novo comando t\u00e9cnico. No Fla, o ajuste de ataque ainda \u00e9 quest\u00e3o [&hellip;]<\/p>\n","protected":false},"author":1,"featured_media":23087,"comment_status":"closed","ping_status":"closed","sticky":false,"template":"","format":"standard","meta":{"footnotes":""},"categories":[1029],"tags":[],"class_list":["post-24211","post","type-post","status-publish","format-standard","has-post-thumbnail","hentry","category-notatico"],"_links":{"self":[{"href":"https:\/\/www.esportesbrasilia.com.br\/noticias\/wp-json\/wp\/v2\/posts\/24211","targetHints":{"allow":["GET"]}}],"collection":[{"href":"https:\/\/www.esportesbrasilia.com.br\/noticias\/wp-json\/wp\/v2\/posts"}],"about":[{"href":"https:\/\/www.esportesbrasilia.com.br\/noticias\/wp-json\/wp\/v2\/types\/post"}],"author":[{"embeddable":true,"href":"https:\/\/www.esportesbrasilia.com.br\/noticias\/wp-json\/wp\/v2\/users\/1"}],"replies":[{"embeddable":true,"href":"https:\/\/www.esportesbrasilia.com.br\/noticias\/wp-json\/wp\/v2\/comments?post=24211"}],"version-history":[{"count":1,"href":"https:\/\/www.esportesbrasilia.com.br\/noticias\/wp-json\/wp\/v2\/posts\/24211\/revisions"}],"predecessor-version":[{"id":24212,"href":"https:\/\/www.esportesbrasilia.com.br\/noticias\/wp-json\/wp\/v2\/posts\/24211\/revisions\/24212"}],"wp:featuredmedia":[{"embeddable":true,"href":"https:\/\/www.esportesbrasilia.com.br\/noticias\/wp-json\/wp\/v2\/media\/23087"}],"wp:attachment":[{"href":"https:\/\/www.esportesbrasilia.com.br\/noticias\/wp-json\/wp\/v2\/media?parent=24211"}],"wp:term":[{"taxonomy":"category","embeddable":true,"href":"https:\/\/www.esportesbrasilia.com.br\/noticias\/wp-json\/wp\/v2\/categories?post=24211"},{"taxonomy":"post_tag","embeddable":true,"href":"https:\/\/www.esportesbrasilia.com.br\/noticias\/wp-json\/wp\/v2\/tags?post=24211"}],"curies":[{"name":"wp","href":"https:\/\/api.w.org\/{rel}","templated":true}]}}