{"id":24182,"date":"2023-04-17T12:25:42","date_gmt":"2023-04-17T15:25:42","guid":{"rendered":"https:\/\/www.esportesbrasilia.com.br\/noticias\/?p=24182"},"modified":"2023-04-17T12:25:43","modified_gmt":"2023-04-17T15:25:43","slug":"sonhar-e-real-fazer-historia-tambem","status":"publish","type":"post","link":"https:\/\/www.esportesbrasilia.com.br\/noticias\/colunas\/notatico\/sonhar-e-real-fazer-historia-tambem.html","title":{"rendered":"Sonhar \u00e9 Real, fazer hist\u00f3ria, tamb\u00e9m"},"content":{"rendered":"\n<p>Paulo Martins<\/p>\n\n\n\n<p>Imagine a propor\u00e7\u00e3o de um clube como o Bahia, que subiu da segunda divis\u00e3o, com um elenco n\u00e3o t\u00e3o conhecido, conseguir ser campe\u00e3o nacional. Nas propor\u00e7\u00f5es &#8211; tristes &#8211; do futebol atual, a alegria vai para a gente da Vila Planalto, campe\u00e3 do Candang\u00e3o com o Real Bras\u00edlia.<\/p>\n\n\n\n<p>O rugido do Le\u00e3o ap\u00f3s ser vice-campe\u00e3o da Segundinha traz in\u00fameras li\u00e7\u00f5es para o futebol local. Pensando em rival, n\u00e3o h\u00e1 diferen\u00e7as gritantes entre as finais jogadas em 2022 e 2023, visto que aquele Samambaia campe\u00e3o continha in\u00fameros jogadores emprestados do Brasiliense, clube-metr\u00f3pole do Salsich\u00e3o, como \u00e9 do conhecimento geral.<\/p>\n\n\n\n<p>Entre tais nomes se encontra o capit\u00e3o Aldo, que falhou em um dos p\u00eanaltis diante do gigante Wendell no \u00faltimo s\u00e1bado. O inesperado t\u00edtulo do Real mostra um trabalho de &#8220;formiguinha&#8221;, consistente, que encontrou o mais calmo dos equil\u00edbrios mentais para se consagrar dono da capital. Quando se h\u00e1 interfer\u00eancia de vozes externas, o cavalo n\u00e3o executa bem a passada.<\/p>\n\n\n\n<p>Fato \u00e9, h\u00e1 hist\u00f3ria para ser feita por um time interessado na base e no futebol feminino, tratando todos no mesmo tamanho. Primeiro campe\u00e3o do Plano Piloto desde o CFZ de 2002, o Real \u00e9 o mais leg\u00edtimo representante do futebol candango, uma esperan\u00e7a por dias melhores&nbsp;na&nbsp;cidade.<\/p>\n","protected":false},"excerpt":{"rendered":"<p>Paulo Martins Imagine a propor\u00e7\u00e3o de um clube como o Bahia, que subiu da segunda divis\u00e3o, com um elenco n\u00e3o t\u00e3o conhecido, conseguir ser campe\u00e3o nacional. Nas propor\u00e7\u00f5es &#8211; tristes &#8211; do futebol atual, a alegria vai para a gente da Vila Planalto, campe\u00e3 do Candang\u00e3o com o Real Bras\u00edlia. O rugido do Le\u00e3o ap\u00f3s [&hellip;]<\/p>\n","protected":false},"author":1,"featured_media":23087,"comment_status":"closed","ping_status":"closed","sticky":false,"template":"","format":"standard","meta":{"footnotes":""},"categories":[1029],"tags":[],"class_list":["post-24182","post","type-post","status-publish","format-standard","has-post-thumbnail","hentry","category-notatico"],"_links":{"self":[{"href":"https:\/\/www.esportesbrasilia.com.br\/noticias\/wp-json\/wp\/v2\/posts\/24182","targetHints":{"allow":["GET"]}}],"collection":[{"href":"https:\/\/www.esportesbrasilia.com.br\/noticias\/wp-json\/wp\/v2\/posts"}],"about":[{"href":"https:\/\/www.esportesbrasilia.com.br\/noticias\/wp-json\/wp\/v2\/types\/post"}],"author":[{"embeddable":true,"href":"https:\/\/www.esportesbrasilia.com.br\/noticias\/wp-json\/wp\/v2\/users\/1"}],"replies":[{"embeddable":true,"href":"https:\/\/www.esportesbrasilia.com.br\/noticias\/wp-json\/wp\/v2\/comments?post=24182"}],"version-history":[{"count":1,"href":"https:\/\/www.esportesbrasilia.com.br\/noticias\/wp-json\/wp\/v2\/posts\/24182\/revisions"}],"predecessor-version":[{"id":24183,"href":"https:\/\/www.esportesbrasilia.com.br\/noticias\/wp-json\/wp\/v2\/posts\/24182\/revisions\/24183"}],"wp:featuredmedia":[{"embeddable":true,"href":"https:\/\/www.esportesbrasilia.com.br\/noticias\/wp-json\/wp\/v2\/media\/23087"}],"wp:attachment":[{"href":"https:\/\/www.esportesbrasilia.com.br\/noticias\/wp-json\/wp\/v2\/media?parent=24182"}],"wp:term":[{"taxonomy":"category","embeddable":true,"href":"https:\/\/www.esportesbrasilia.com.br\/noticias\/wp-json\/wp\/v2\/categories?post=24182"},{"taxonomy":"post_tag","embeddable":true,"href":"https:\/\/www.esportesbrasilia.com.br\/noticias\/wp-json\/wp\/v2\/tags?post=24182"}],"curies":[{"name":"wp","href":"https:\/\/api.w.org\/{rel}","templated":true}]}}