{"id":24145,"date":"2023-04-12T11:55:30","date_gmt":"2023-04-12T14:55:30","guid":{"rendered":"https:\/\/www.esportesbrasilia.com.br\/noticias\/?p=24145"},"modified":"2023-04-12T11:55:31","modified_gmt":"2023-04-12T14:55:31","slug":"brasilia-xtreme-representa-o-df-em-competicao-de-cheerleading-nos-eua","status":"publish","type":"post","link":"https:\/\/www.esportesbrasilia.com.br\/noticias\/outros\/brasilia-xtreme-representa-o-df-em-competicao-de-cheerleading-nos-eua.html","title":{"rendered":"Bras\u00edlia Xtreme representa o DF em competi\u00e7\u00e3o de cheerleading nos EUA"},"content":{"rendered":"\n<p>Fonte: Ag\u00eancia Bras\u00edlia<\/p>\n\n\n\n<p>As atletas da equipe Bras\u00edlia Xtreme v\u00e3o representar o Distrito Federal no Cheerleading Worlds 2023, na Fl\u00f3rida, Estados Unidos, de 19 a 21 de abril. O time foi beneficiado pelo Compete Bras\u00edlia, programa da Secretaria de Esporte e Lazer que viabiliza passagens terrestres e a\u00e9reas, nacionais e internacionais, para esportistas do Distrito Federal.<\/p>\n\n\n\n<p>A Bras\u00edlia Xtreme treina mais de 100 atletas por ano, sendo v\u00e1rios deles integrantes do Team Brazil, a sele\u00e7\u00e3o brasileira de cheerleading, e que j\u00e1 competiram mundialmente. Hoje, cinco brasilienses fazem parte da comiss\u00e3o t\u00e9cnica da sele\u00e7\u00e3o brasileira e, desde janeiro, treinam para a competi\u00e7\u00e3o.<\/p>\n\n\n\n<p>O cheerleading \u00e9 um esporte que surgiu em 1887 nos Estados Unidos, mas chegou ao Brasil somente em 2008. A partir de 2012, foi reconhecido como uma modalidade esportiva oficialmente. Durante a temporada de 2019, 15 atletas foram convocados para a Sele\u00e7\u00e3o Brasileira de Cheerleading e participaram do Mundial nos EUA. Na categoria Coed, com equipes mistas, ficou em 4\u00ba lugar na competi\u00e7\u00e3o, a melhor coloca\u00e7\u00e3o do Brasil at\u00e9 hoje.<\/p>\n\n\n\n<p>Na \u00faltima competi\u00e7\u00e3o internacional, em Santiago do Chile, a sele\u00e7\u00e3o conquistou sua melhor posi\u00e7\u00e3o em campeonatos internacionais, ficando em segundo lugar.<\/p>\n","protected":false},"excerpt":{"rendered":"<p>Fonte: Ag\u00eancia Bras\u00edlia As atletas da equipe Bras\u00edlia Xtreme v\u00e3o representar o Distrito Federal no Cheerleading Worlds 2023, na Fl\u00f3rida, Estados Unidos, de 19 a 21 de abril. O time foi beneficiado pelo Compete Bras\u00edlia, programa da Secretaria de Esporte e Lazer que viabiliza passagens terrestres e a\u00e9reas, nacionais e internacionais, para esportistas do Distrito [&hellip;]<\/p>\n","protected":false},"author":1,"featured_media":24146,"comment_status":"closed","ping_status":"closed","sticky":false,"template":"","format":"standard","meta":{"footnotes":""},"categories":[2],"tags":[],"class_list":["post-24145","post","type-post","status-publish","format-standard","has-post-thumbnail","hentry","category-outros"],"_links":{"self":[{"href":"https:\/\/www.esportesbrasilia.com.br\/noticias\/wp-json\/wp\/v2\/posts\/24145","targetHints":{"allow":["GET"]}}],"collection":[{"href":"https:\/\/www.esportesbrasilia.com.br\/noticias\/wp-json\/wp\/v2\/posts"}],"about":[{"href":"https:\/\/www.esportesbrasilia.com.br\/noticias\/wp-json\/wp\/v2\/types\/post"}],"author":[{"embeddable":true,"href":"https:\/\/www.esportesbrasilia.com.br\/noticias\/wp-json\/wp\/v2\/users\/1"}],"replies":[{"embeddable":true,"href":"https:\/\/www.esportesbrasilia.com.br\/noticias\/wp-json\/wp\/v2\/comments?post=24145"}],"version-history":[{"count":1,"href":"https:\/\/www.esportesbrasilia.com.br\/noticias\/wp-json\/wp\/v2\/posts\/24145\/revisions"}],"predecessor-version":[{"id":24147,"href":"https:\/\/www.esportesbrasilia.com.br\/noticias\/wp-json\/wp\/v2\/posts\/24145\/revisions\/24147"}],"wp:featuredmedia":[{"embeddable":true,"href":"https:\/\/www.esportesbrasilia.com.br\/noticias\/wp-json\/wp\/v2\/media\/24146"}],"wp:attachment":[{"href":"https:\/\/www.esportesbrasilia.com.br\/noticias\/wp-json\/wp\/v2\/media?parent=24145"}],"wp:term":[{"taxonomy":"category","embeddable":true,"href":"https:\/\/www.esportesbrasilia.com.br\/noticias\/wp-json\/wp\/v2\/categories?post=24145"},{"taxonomy":"post_tag","embeddable":true,"href":"https:\/\/www.esportesbrasilia.com.br\/noticias\/wp-json\/wp\/v2\/tags?post=24145"}],"curies":[{"name":"wp","href":"https:\/\/api.w.org\/{rel}","templated":true}]}}