{"id":24128,"date":"2023-04-10T13:04:00","date_gmt":"2023-04-10T16:04:00","guid":{"rendered":"https:\/\/www.esportesbrasilia.com.br\/noticias\/?p=24128"},"modified":"2023-04-10T16:05:17","modified_gmt":"2023-04-10T19:05:17","slug":"landim-vive-instabilidade-em-ano-pre-eleitoral","status":"publish","type":"post","link":"https:\/\/www.esportesbrasilia.com.br\/noticias\/colunas\/notatico\/landim-vive-instabilidade-em-ano-pre-eleitoral.html","title":{"rendered":"Landim vive instabilidade em ano pr\u00e9-eleitoral"},"content":{"rendered":"\n<p>Paulo Martins<\/p>\n\n\n\n<p>A chapa conjunta do presidente flamenguista com o diretor Marcos Braz tem um momento dif\u00edcil com a s\u00e9rie de falhas na passagem de V\u00edtor Pereira como t\u00e9cnico. Entretanto, os cotados como respons\u00e1veis do fracasso do clube vivem um momento de incerteza.<\/p>\n\n\n\n<p>E isto n\u00e3o se deve somente \u00e0 demiss\u00e3o do treinador campe\u00e3o da Am\u00e9rica, o que, por si s\u00f3 \u00e9 um excesso. Cr\u00edticas s\u00e3o recebidas a todo momento e por todos os lados quando o assunto \u00e9 futebol, vide o pr\u00f3prio comandante portugu\u00eas nos tempos de Corinthians.<\/p>\n\n\n\n<p>O Fla observa no atual bicampe\u00e3o carioca uma realidade interessante e que pode embaralhar ainda mais as quest\u00f5es internas na G\u00e1vea. Ora, Fernando Diniz, alvo pela inconst\u00e2ncia em trabalhos anteriores, teve na seguran\u00e7a da diretoria tricolor a justi\u00e7a para se manter no cargo.<\/p>\n\n\n\n<p>Os frutos s\u00e3o claros e evidentes: o Fluminense tem o melhor futebol apresentado no Brasil ao fim dos estaduais. N\u00e3o sem uma manuten\u00e7\u00e3o de um profissional como Diniz. Isto far\u00e1 a dire\u00e7\u00e3o entender se a novela V\u00edtor Pereira e Flamengo ter\u00e1 um fim ou novos cap\u00edtulos. Fato \u00e9: a press\u00e3o \u00e9 demasiada e n\u00e3o reduzir\u00e1&nbsp;num&nbsp;instante.<\/p>\n","protected":false},"excerpt":{"rendered":"<p>Paulo Martins A chapa conjunta do presidente flamenguista com o diretor Marcos Braz tem um momento dif\u00edcil com a s\u00e9rie de falhas na passagem de V\u00edtor Pereira como t\u00e9cnico. Entretanto, os cotados como respons\u00e1veis do fracasso do clube vivem um momento de incerteza. E isto n\u00e3o se deve somente \u00e0 demiss\u00e3o do treinador campe\u00e3o da [&hellip;]<\/p>\n","protected":false},"author":1,"featured_media":23087,"comment_status":"closed","ping_status":"closed","sticky":false,"template":"","format":"standard","meta":{"footnotes":""},"categories":[1029],"tags":[],"class_list":["post-24128","post","type-post","status-publish","format-standard","has-post-thumbnail","hentry","category-notatico"],"_links":{"self":[{"href":"https:\/\/www.esportesbrasilia.com.br\/noticias\/wp-json\/wp\/v2\/posts\/24128","targetHints":{"allow":["GET"]}}],"collection":[{"href":"https:\/\/www.esportesbrasilia.com.br\/noticias\/wp-json\/wp\/v2\/posts"}],"about":[{"href":"https:\/\/www.esportesbrasilia.com.br\/noticias\/wp-json\/wp\/v2\/types\/post"}],"author":[{"embeddable":true,"href":"https:\/\/www.esportesbrasilia.com.br\/noticias\/wp-json\/wp\/v2\/users\/1"}],"replies":[{"embeddable":true,"href":"https:\/\/www.esportesbrasilia.com.br\/noticias\/wp-json\/wp\/v2\/comments?post=24128"}],"version-history":[{"count":1,"href":"https:\/\/www.esportesbrasilia.com.br\/noticias\/wp-json\/wp\/v2\/posts\/24128\/revisions"}],"predecessor-version":[{"id":24129,"href":"https:\/\/www.esportesbrasilia.com.br\/noticias\/wp-json\/wp\/v2\/posts\/24128\/revisions\/24129"}],"wp:featuredmedia":[{"embeddable":true,"href":"https:\/\/www.esportesbrasilia.com.br\/noticias\/wp-json\/wp\/v2\/media\/23087"}],"wp:attachment":[{"href":"https:\/\/www.esportesbrasilia.com.br\/noticias\/wp-json\/wp\/v2\/media?parent=24128"}],"wp:term":[{"taxonomy":"category","embeddable":true,"href":"https:\/\/www.esportesbrasilia.com.br\/noticias\/wp-json\/wp\/v2\/categories?post=24128"},{"taxonomy":"post_tag","embeddable":true,"href":"https:\/\/www.esportesbrasilia.com.br\/noticias\/wp-json\/wp\/v2\/tags?post=24128"}],"curies":[{"name":"wp","href":"https:\/\/api.w.org\/{rel}","templated":true}]}}