{"id":24126,"date":"2023-04-10T16:01:41","date_gmt":"2023-04-10T19:01:41","guid":{"rendered":"https:\/\/www.esportesbrasilia.com.br\/noticias\/?p=24126"},"modified":"2023-04-10T16:07:58","modified_gmt":"2023-04-10T19:07:58","slug":"aberta-a-votacao-para-craque-da-galera-do-candangao-2023","status":"publish","type":"post","link":"https:\/\/www.esportesbrasilia.com.br\/noticias\/futebol\/aberta-a-votacao-para-craque-da-galera-do-candangao-2023.html","title":{"rendered":"Aberta a vota\u00e7\u00e3o para Craque da Galera do Candang\u00e3o 2023"},"content":{"rendered":"\n<p>Os ve\u00edculos de comunica\u00e7\u00e3o que cobrem o Candang\u00e3o 2023 realizaram, na \u00faltima semana, a vota\u00e7\u00e3o dos melhores do Candang\u00e3o 2023. A vota\u00e7\u00e3o foi promovida pela Associa\u00e7\u00e3o Brasiliense de Cronistas Desportivos (ABCD) com a Federa\u00e7\u00e3o de Futebol do Distrito Federal (FFDF). <\/p>\n\n\n\n<p>Dos votados, 20 foram selecionados para poder concorrer ao pr\u00eamio popular de melhor jogador da competi\u00e7\u00e3o, o Craque da Galera do Candang\u00e3o 2023.<\/p>\n\n\n\n<p>A vota\u00e7\u00e3o foi aberta nesta segunda-feira (10) e vai at\u00e9 sexta-feira (14), \u00e0s 18h, atrav\u00e9s do site <a rel=\"noreferrer noopener\" href=\"https:\/\/abcdesportes.com.br\/craque\" target=\"_blank\">abcdesportes.com.br\/craque<\/a>. O vencedor receber\u00e1 o pr\u00eamio na pr\u00f3xima segunda-feira (17), durante a entrega do pr\u00eamio Melhores do Candang\u00e3o 2023, em um restaurante da cidade.<\/p>\n\n\n\n<p>Seis times tiveram representantes indicados: Brasiliense, Capital, Ceil\u00e2ndia, Parano\u00e1, Real Bras\u00edlia e Samambaia. O Jacar\u00e9 teve seis jogadores, mesmo numero do Le\u00e3o do Planalto. A Cobra Sucuri teve tr\u00eas representantes. O Cachorro Salsicha e a Coruja tiveram dois representantes, cada. O Gato Preto fecha a lista com um representante.<\/p>\n\n\n\n<p>Conhe\u00e7a os 20 indicados:<\/p>\n\n\n\n<p>Aldo &#8211; Brasiliense<br>Alo\u00edsio &#8211; Brasiliense<br>Douglas Rato &#8211; Parano\u00e1<br>Gabriel Lima &#8211; Real Bras\u00edlia<br>Gustavo Henrique &#8211; Brasiliense<br>Gustavo Lila &#8211; Samambaia<br>Hyago &#8211; Real Bras\u00edlia<br>Jo\u00e3o Afonso &#8211; Ceil\u00e2ndia<br>Josu\u00e9 &#8211; Real Bras\u00edlia<br>Luan &#8211; Capital<br>Lucas Victor &#8211; Parano\u00e1<br>Matheus Barboza &#8211; Samambaia<br>Obina &#8211; Real Bras\u00edlia<br>Tarta &#8211; Brasiliense<br>Tobinha &#8211; Brasiliense<br>Toninho Para\u00edba &#8211; Capital<br>Uederson &#8211; Real Bras\u00edlia<br>Willian Junior &#8211; Parano\u00e1<br>Wendel &#8211; Real Bras\u00edlia<br>Yuri Mamute&nbsp;&#8211;&nbsp;Brasiliense<\/p>\n","protected":false},"excerpt":{"rendered":"<p>Os ve\u00edculos de comunica\u00e7\u00e3o que cobrem o Candang\u00e3o 2023 realizaram, na \u00faltima semana, a vota\u00e7\u00e3o dos melhores do Candang\u00e3o 2023. A vota\u00e7\u00e3o foi promovida pela Associa\u00e7\u00e3o Brasiliense de Cronistas Desportivos (ABCD) com a Federa\u00e7\u00e3o de Futebol do Distrito Federal (FFDF). Dos votados, 20 foram selecionados para poder concorrer ao pr\u00eamio popular de melhor jogador da [&hellip;]<\/p>\n","protected":false},"author":2,"featured_media":22693,"comment_status":"closed","ping_status":"closed","sticky":false,"template":"","format":"standard","meta":{"footnotes":""},"categories":[8],"tags":[],"class_list":["post-24126","post","type-post","status-publish","format-standard","has-post-thumbnail","hentry","category-futebol"],"_links":{"self":[{"href":"https:\/\/www.esportesbrasilia.com.br\/noticias\/wp-json\/wp\/v2\/posts\/24126","targetHints":{"allow":["GET"]}}],"collection":[{"href":"https:\/\/www.esportesbrasilia.com.br\/noticias\/wp-json\/wp\/v2\/posts"}],"about":[{"href":"https:\/\/www.esportesbrasilia.com.br\/noticias\/wp-json\/wp\/v2\/types\/post"}],"author":[{"embeddable":true,"href":"https:\/\/www.esportesbrasilia.com.br\/noticias\/wp-json\/wp\/v2\/users\/2"}],"replies":[{"embeddable":true,"href":"https:\/\/www.esportesbrasilia.com.br\/noticias\/wp-json\/wp\/v2\/comments?post=24126"}],"version-history":[{"count":2,"href":"https:\/\/www.esportesbrasilia.com.br\/noticias\/wp-json\/wp\/v2\/posts\/24126\/revisions"}],"predecessor-version":[{"id":24131,"href":"https:\/\/www.esportesbrasilia.com.br\/noticias\/wp-json\/wp\/v2\/posts\/24126\/revisions\/24131"}],"wp:featuredmedia":[{"embeddable":true,"href":"https:\/\/www.esportesbrasilia.com.br\/noticias\/wp-json\/wp\/v2\/media\/22693"}],"wp:attachment":[{"href":"https:\/\/www.esportesbrasilia.com.br\/noticias\/wp-json\/wp\/v2\/media?parent=24126"}],"wp:term":[{"taxonomy":"category","embeddable":true,"href":"https:\/\/www.esportesbrasilia.com.br\/noticias\/wp-json\/wp\/v2\/categories?post=24126"},{"taxonomy":"post_tag","embeddable":true,"href":"https:\/\/www.esportesbrasilia.com.br\/noticias\/wp-json\/wp\/v2\/tags?post=24126"}],"curies":[{"name":"wp","href":"https:\/\/api.w.org\/{rel}","templated":true}]}}