{"id":24008,"date":"2023-03-30T17:44:52","date_gmt":"2023-03-30T20:44:52","guid":{"rendered":"https:\/\/www.esportesbrasilia.com.br\/noticias\/?p=24008"},"modified":"2023-03-30T17:44:53","modified_gmt":"2023-03-30T20:44:53","slug":"jogos-realizados-neste-final-de-semana-no-defele-terao-torcida-unica","status":"publish","type":"post","link":"https:\/\/www.esportesbrasilia.com.br\/noticias\/futebol\/jogos-realizados-neste-final-de-semana-no-defele-terao-torcida-unica.html","title":{"rendered":"Jogos realizados neste final de semana no Defel\u00ea ter\u00e3o torcida \u00fanica"},"content":{"rendered":"\n<p><strong>Foto: Divulga\u00e7\u00e3o\/Real Bras\u00edlia<\/strong><\/p>\n\n\n\n<p>Com dois duelos marcados para o local neste final de semana, o est\u00e1dio Ciro Machado, mais conhecido como Defel\u00ea, s\u00f3 poder\u00e1 ter a presen\u00e7a de uma \u00fanica torcida nos jogos. De acordo com o laudo da PMDF (Pol\u00edcia Militar do Distrito Federal), o Defel\u00ea n\u00e3o tem capacidade para receber torcedores de duas equipes no mesmo espa\u00e7o.&nbsp;<\/p>\n\n\n\n<p>No s\u00e1bado (01\/04), ser\u00e1 a vez do time masculino do Le\u00e3o do Planalto. O est\u00e1dio da Vila Planalto ser\u00e1 o palco do confronto de volta da semifinal do Candang\u00e3o, entre Real Bras\u00edlia x Parano\u00e1. J\u00e1 no domingo (02\/04), as meninas do Real recebem o Corinthians pela sexta rodada do Brasileir\u00e3o feminino.&nbsp;<\/p>\n\n\n\n<p>Em contato com a reportagem da <em><strong>Esportes Bras\u00edlia<\/strong>, <\/em>o presidente do Real Bras\u00edlia, Luis Felipe Belmonte, revelou qual \u00e9 o \u00fanico est\u00e1dio que pode receber torcida mista em Bras\u00edlia. \u201cFoi a mesma coisa que aconteceu no JK (proibi\u00e7\u00e3o de torcida mista), foi torcida \u00fanica tamb\u00e9m. O \u00fanico est\u00e1dio que n\u00e3o tem torcida \u00fanica \u00e9 o Man\u00e9 Garrincha\u201d.\u00a0<\/p>\n\n\n\n<p>Al\u00e9m disso, o mandat\u00e1rio reclamou do excesso de zelo do \u00a0laudo recomendado para o Defel\u00ea e disse que nunca teve problema em rela\u00e7\u00e3o \u00e0 briga de torcidas. Ele explicou que dentro do est\u00e1dio tem como ser realizada a separa\u00e7\u00e3o dos torcedores rivais, mas que o problema \u00e9 na entrada do local, que conta com apenas um lugar para a passagem das pessoas, ou seja, as torcidas iriam se encontrar.\u00a0<\/p>\n\n\n\n<p><strong><em>Problemas de um lado, afetos de outro<\/em><\/strong><\/p>\n\n\n\n<p>O dirigente da equipe de Bras\u00edlia ressaltou que o Tim\u00e3o entrou em contato com ele reclamando da impossibilidade de ter torcida no confronto. Belmonte n\u00e3o gostou e afirmou que \u201cem S\u00e3o Paulo direto tem jogos de torcida \u00fanica\u201d e relembrou o confronto entre as duas agremia\u00e7\u00f5es em 2022, que contava com torcedores apenas do clube paulista.&nbsp;<\/p>\n\n\n\n<p>\u201cO Real n\u00e3o tem medo de torcida n\u00e3o. N\u00f3s fomos l\u00e1 em S\u00e3o Paulo (no ano passado) e quase fizemos 2&#215;0 no primeiro tempo. S\u00f3 n\u00e3o marcamos por causa da Lel\u00ea (goleira do Corinthians)\u201d.&nbsp;<\/p>\n\n\n\n<p>Por outro lado, Belmonte comentou sobre a boa rela\u00e7\u00e3o que tem com o advers\u00e1rio de s\u00e1bado e citou que as duas diretorias devem assistir o confronto das semis juntas no camarote do est\u00e1dio.<\/p>\n","protected":false},"excerpt":{"rendered":"<p>Foto: Divulga\u00e7\u00e3o\/Real Bras\u00edlia Com dois duelos marcados para o local neste final de semana, o est\u00e1dio Ciro Machado, mais conhecido como Defel\u00ea, s\u00f3 poder\u00e1 ter a presen\u00e7a de uma \u00fanica torcida nos jogos. De acordo com o laudo da PMDF (Pol\u00edcia Militar do Distrito Federal), o Defel\u00ea n\u00e3o tem capacidade para receber torcedores de duas [&hellip;]<\/p>\n","protected":false},"author":47,"featured_media":13225,"comment_status":"closed","ping_status":"closed","sticky":false,"template":"","format":"standard","meta":{"footnotes":""},"categories":[8],"tags":[283,1090,79,1161,418,799,1221,1220],"class_list":["post-24008","post","type-post","status-publish","format-standard","has-post-thumbnail","hentry","category-futebol","tag-brasileirao-feminino","tag-candangao-2023","tag-corinthians","tag-defele","tag-paranoa","tag-real-brasilia","tag-real-brasilia-x-corinthians","tag-real-brasilia-x-paranoa-2"],"_links":{"self":[{"href":"https:\/\/www.esportesbrasilia.com.br\/noticias\/wp-json\/wp\/v2\/posts\/24008","targetHints":{"allow":["GET"]}}],"collection":[{"href":"https:\/\/www.esportesbrasilia.com.br\/noticias\/wp-json\/wp\/v2\/posts"}],"about":[{"href":"https:\/\/www.esportesbrasilia.com.br\/noticias\/wp-json\/wp\/v2\/types\/post"}],"author":[{"embeddable":true,"href":"https:\/\/www.esportesbrasilia.com.br\/noticias\/wp-json\/wp\/v2\/users\/47"}],"replies":[{"embeddable":true,"href":"https:\/\/www.esportesbrasilia.com.br\/noticias\/wp-json\/wp\/v2\/comments?post=24008"}],"version-history":[{"count":4,"href":"https:\/\/www.esportesbrasilia.com.br\/noticias\/wp-json\/wp\/v2\/posts\/24008\/revisions"}],"predecessor-version":[{"id":24012,"href":"https:\/\/www.esportesbrasilia.com.br\/noticias\/wp-json\/wp\/v2\/posts\/24008\/revisions\/24012"}],"wp:featuredmedia":[{"embeddable":true,"href":"https:\/\/www.esportesbrasilia.com.br\/noticias\/wp-json\/wp\/v2\/media\/13225"}],"wp:attachment":[{"href":"https:\/\/www.esportesbrasilia.com.br\/noticias\/wp-json\/wp\/v2\/media?parent=24008"}],"wp:term":[{"taxonomy":"category","embeddable":true,"href":"https:\/\/www.esportesbrasilia.com.br\/noticias\/wp-json\/wp\/v2\/categories?post=24008"},{"taxonomy":"post_tag","embeddable":true,"href":"https:\/\/www.esportesbrasilia.com.br\/noticias\/wp-json\/wp\/v2\/tags?post=24008"}],"curies":[{"name":"wp","href":"https:\/\/api.w.org\/{rel}","templated":true}]}}