{"id":23912,"date":"2023-03-23T11:04:32","date_gmt":"2023-03-23T14:04:32","guid":{"rendered":"https:\/\/www.esportesbrasilia.com.br\/noticias\/?p=23912"},"modified":"2023-03-23T11:13:59","modified_gmt":"2023-03-23T14:13:59","slug":"comandado-por-celso-teixeira-capital-quer-fazer-historia-no-candangao","status":"publish","type":"post","link":"https:\/\/www.esportesbrasilia.com.br\/noticias\/futebol\/comandado-por-celso-teixeira-capital-quer-fazer-historia-no-candangao.html","title":{"rendered":"Comandado por Celso Teixeira, Capital quer fazer hist\u00f3ria no Candang\u00e3o"},"content":{"rendered":"\n<p><strong>Foto: Gustavo Roquete\/Capital CF<\/strong><\/p>\n\n\n\n<p>O 48\u00ba Campeonato Brasiliense de Futebol, denominado Ta\u00e7a Rei Pel\u00e9, chega neste final de semana no in\u00edcio da segunda fase da competi\u00e7\u00e3o. No s\u00e1bado (25), no est\u00e1dio JK, o Parano\u00e1 receber\u00e1 o Real Bras\u00edlia. J\u00e1 no domingo, \u00e0s 15h45, o Capital enfrentar\u00e1 o Brasiliense. S\u00e3o as partidas de ida das semifinais. <a href=\"https:\/\/www.esportesbrasilia.com.br\/noticias\/futebol\/var-light-sera-utilizado-na-reta-final-do-candangao-2023.html\" data-type=\"post\" data-id=\"23905\">As duas partidas j\u00e1 contar\u00e3o com o VAR<\/a>.\u00a0\u00a0<\/p>\n\n\n\n<p>Um dos destaques da competi\u00e7\u00e3o \u00e9 o Capital, comandado pelo t\u00e9cnico Celso Teixeira. A equipe se recuperou na primeira fase ap\u00f3s a chegada do treinador que j\u00e1 tinha comandado o Brasiliense. Com 15 pontos ganhos, a Coruja chegou na terceira posi\u00e7\u00e3o da primeira fase.&nbsp;<\/p>\n\n\n\n<p>O clube foi em busca de refor\u00e7os. Chegaram ao clube o zagueiro Guilherme Mattis, o lateral Paulo Indio, o meia Renan Mota, os atacantes Felipe Muranga e Gustavo Cust\u00f3dio. Por\u00e9m, a mais recente contrata\u00e7\u00e3o do Capital\u00e9 o centroavante Gustavo Vintecinco, de 27 anos.<\/p>\n\n\n\n<p>O atleta estava na Portuguesa Santista na disputa da s\u00e9rie A2 paulista. \u201cEstou pronto para ajudar a equipe nessa briga pelo t\u00edtulo. Fui muito bem recebido pelo grupo e chego em condi\u00e7\u00f5es de ajudar o clube a atingir esse objetivo\u201d, garantiu o jogador, em entrevista ao site do clube.&nbsp;<\/p>\n\n\n\n<p>Gustavo tamb\u00e9m explicou sobre o seu sobrenome: \u201cO Vintecinco \u00e9 de fam\u00edlia mesmo e tem origem italiana, por parte da fam\u00edlia de meu pai. Muita gente sempre pergunta se \u00e9 um apelido, mas n\u00e3o \u00e9\u201d, disse o centroavante.&nbsp;<\/p>\n\n\n\n<p>Quem ainda n\u00e3o conseguiu estrear com a camisa do Capital \u00e9 o goleiro Felipe, ex-Corinthians e Flamengo. O atleta se recuperou de les\u00e3o e est\u00e1 \u00e0 disposi\u00e7\u00e3o do t\u00e9cnico Celso Teixeira.&nbsp;<\/p>\n\n\n\n<p>O Capital enfrentar\u00e1 o Brasiliense, no domingo, \u00e0s 15:45, no est\u00e1dio JK, no Parano\u00e1. O jogo da volta ser\u00e1 no outro final de semana. Caso se classifique para a pr\u00f3xima fase, o Capital estar\u00e1 se garantindo na Copa do Brasil, Copa Verde e s\u00e9rie D do Brasileiro de 2024. Por\u00e9m, o advers\u00e1rio \u00e9 tradicional nas disputas do Candang\u00e3o e que j\u00e1 foi treinado por Celso Teixeira, o Brasiliense.<\/p>\n","protected":false},"excerpt":{"rendered":"<p>Foto: Gustavo Roquete\/Capital CF O 48\u00ba Campeonato Brasiliense de Futebol, denominado Ta\u00e7a Rei Pel\u00e9, chega neste final de semana no in\u00edcio da segunda fase da competi\u00e7\u00e3o. No s\u00e1bado (25), no est\u00e1dio JK, o Parano\u00e1 receber\u00e1 o Real Bras\u00edlia. J\u00e1 no domingo, \u00e0s 15h45, o Capital enfrentar\u00e1 o Brasiliense. S\u00e3o as partidas de ida das semifinais. [&hellip;]<\/p>\n","protected":false},"author":7,"featured_media":23914,"comment_status":"closed","ping_status":"closed","sticky":false,"template":"","format":"standard","meta":{"footnotes":""},"categories":[8],"tags":[133,1004,1209],"class_list":["post-23912","post","type-post","status-publish","format-standard","has-post-thumbnail","hentry","category-futebol","tag-capital","tag-celso-teixeira","tag-gustavo-vintecinco"],"_links":{"self":[{"href":"https:\/\/www.esportesbrasilia.com.br\/noticias\/wp-json\/wp\/v2\/posts\/23912","targetHints":{"allow":["GET"]}}],"collection":[{"href":"https:\/\/www.esportesbrasilia.com.br\/noticias\/wp-json\/wp\/v2\/posts"}],"about":[{"href":"https:\/\/www.esportesbrasilia.com.br\/noticias\/wp-json\/wp\/v2\/types\/post"}],"author":[{"embeddable":true,"href":"https:\/\/www.esportesbrasilia.com.br\/noticias\/wp-json\/wp\/v2\/users\/7"}],"replies":[{"embeddable":true,"href":"https:\/\/www.esportesbrasilia.com.br\/noticias\/wp-json\/wp\/v2\/comments?post=23912"}],"version-history":[{"count":2,"href":"https:\/\/www.esportesbrasilia.com.br\/noticias\/wp-json\/wp\/v2\/posts\/23912\/revisions"}],"predecessor-version":[{"id":23915,"href":"https:\/\/www.esportesbrasilia.com.br\/noticias\/wp-json\/wp\/v2\/posts\/23912\/revisions\/23915"}],"wp:featuredmedia":[{"embeddable":true,"href":"https:\/\/www.esportesbrasilia.com.br\/noticias\/wp-json\/wp\/v2\/media\/23914"}],"wp:attachment":[{"href":"https:\/\/www.esportesbrasilia.com.br\/noticias\/wp-json\/wp\/v2\/media?parent=23912"}],"wp:term":[{"taxonomy":"category","embeddable":true,"href":"https:\/\/www.esportesbrasilia.com.br\/noticias\/wp-json\/wp\/v2\/categories?post=23912"},{"taxonomy":"post_tag","embeddable":true,"href":"https:\/\/www.esportesbrasilia.com.br\/noticias\/wp-json\/wp\/v2\/tags?post=23912"}],"curies":[{"name":"wp","href":"https:\/\/api.w.org\/{rel}","templated":true}]}}