{"id":23804,"date":"2023-03-15T22:52:00","date_gmt":"2023-03-16T01:52:00","guid":{"rendered":"https:\/\/www.esportesbrasilia.com.br\/noticias\/?p=23804"},"modified":"2023-03-18T20:21:02","modified_gmt":"2023-03-18T23:21:02","slug":"e-um-7-a-1-por-dia-botafogo-goleia-e-elimina-brasiliense-da-copa-do-brasil","status":"publish","type":"post","link":"https:\/\/www.esportesbrasilia.com.br\/noticias\/futebol\/e-um-7-a-1-por-dia-botafogo-goleia-e-elimina-brasiliense-da-copa-do-brasil.html","title":{"rendered":"\u00c9 um 7 a 1 por dia: Botafogo goleia e elimina Brasiliense da Copa do Brasil"},"content":{"rendered":"\n<p><em>Foto: Vitor Silva\/BFR<\/em><\/p>\n\n\n\n<p>O dia 15 de mar\u00e7o de 2023 dificilmente sair\u00e1 da cabe\u00e7a do torcedor do Jacar\u00e9. O Brasiliense foi at\u00e9 o Est\u00e1dio Kleber Andrade, em Cariacica\/ES, para jogar a segunda fase da Copa do Brasil. O Botafogo aplicou uma goleada hist\u00f3rica de 7&#215;1 e despachou o Brasiliense de volta para a capital federal.<\/p>\n\n\n\n<p>Os gols foram marcados por Danilo Barbosa, Eduardo, Adryelson, Victor Cuesta e Tiquinho (tr\u00eas vezes). Yuri Mamute descontou para o Jacar\u00e9.<\/p>\n\n\n\n<p><strong>PRIMEIRO TEMPO<\/strong><\/p>\n\n\n\n<p>A primeira etapa da partida foi eletrizante. Logo aos seis minutos, o lateral botafoguense Mar\u00e7al bateu uma falta na intermedi\u00e1ria para a cabe\u00e7ada forte de Danilo Barbosa, abrindo o placar no Est\u00e1dio Kleber Andrade. O Brasiliense reagiria r\u00e1pido com Yuri Mamute, que deixou a zaga no ch\u00e3o e ficou cara a cara com o goleiro Lucas Perri, mas jogou pra fora.<\/p>\n\n\n\n<p>O Glorioso ampliaria o placar aos nove minutos, ap\u00f3s cobran\u00e7a lateral de Mar\u00e7al, o guarda-redes amarelo Sucuri se confundiu com os zagueiros e socou a bola para o meio da \u00e1rea, que caiu nos p\u00e9s do meia Eduardo, pegando de primeira para o fundo da rede.<\/p>\n\n\n\n<p>No entanto, foi a hora de executar a \u00fanica lei que n\u00e3o falha no Brasil: a lei do ex! Ap\u00f3s tr\u00eas tentativas, o ex-Botafogo Yuri Mamute, chutou sem tantas pretens\u00f5es de fora da \u00e1rea, mas desviou na zaga alvinegra, complicando a vida de Lucas Perri e diminuindo pra o Jacar\u00e9.<\/p>\n\n\n\n<p>De baixo de uma forte chuva, o Fog\u00e3o n\u00e3o demorou muito para voltar \u00e0 ter dois gols de vantagem: Ap\u00f3s uma cobran\u00e7a de escanteio de Mar\u00e7al, o goleiro Sucuri foi &#8220;ca\u00e7ar borboletas&#8221; e Adryelson aproveitou a falha para marcar o terceiro do alvinegro na partida.<\/p>\n\n\n\n<p><strong>SEGUNDO TEMPO<\/strong><\/p>\n\n\n\n<p>Logo no come\u00e7o do segundo tempo, o Botafogo veio na inten\u00e7\u00e3o de ampliar a vantagem. E conseguiu. Mais uma vez, oriundo de bola parada e de cabe\u00e7a, o &#8220;El Patr\u00f3n&#8221; Victor Cuesta pegou o cruzamento de Piazon, de peixinho, para marcar o quarto do Glorioso.<\/p>\n\n\n\n<p>Durante o segundo tempo, o Botafogo cadenciou mais e buscou priorizar a troca passes. Obteve algumas chances com Tiquinho e Eduardo, mas pararam nas defesas de Sucuri. Tch\u00ea Tch\u00ea tamb\u00e9m teve uma tentativa, mas a bola foi para escanteio. O Brasiliense tamb\u00e9m chegou com perigo com Dharllyson, mas tamb\u00e9m parou no goleiro advers\u00e1rio.<\/p>\n\n\n\n<p><strong>HAT-TRICK!<\/strong><\/p>\n\n\n\n<p>Aos 31&#8242;, Tiquinho se posicionou de baixo das traves para marcar o primeiro dele na partida. O segundo veio com categoria e frieza: bateu chapado no cantinho das traves. O terceiro viria ap\u00f3s contra-ataque puxado por Gustavo Sauer, que havia entrado no decorrer da partida e o estreante Di Pl\u00e1cido encontrou Tiquinho na \u00e1rea para fechar o caix\u00e3o: 7&#215;1 para o Botafogo.<\/p>\n\n\n\n<p>O Brasiliense volta a campo no pr\u00f3ximo s\u00e1bado (18), \u00e0s 15h30, quando recebe o Bras\u00edlia, pela \u00faltima rodada do Candang\u00e3o\u00a0BRB\u00a02023. O Botafogo encara a Portuguesa-RJ, no mesmo dia, pela Copa Rio, no Estadio Luso-Brasileiro. <\/p>\n","protected":false},"excerpt":{"rendered":"<p>Foto: Vitor Silva\/BFR O dia 15 de mar\u00e7o de 2023 dificilmente sair\u00e1 da cabe\u00e7a do torcedor do Jacar\u00e9. O Brasiliense foi at\u00e9 o Est\u00e1dio Kleber Andrade, em Cariacica\/ES, para jogar a segunda fase da Copa do Brasil. O Botafogo aplicou uma goleada hist\u00f3rica de 7&#215;1 e despachou o Brasiliense de volta para a capital federal. [&hellip;]<\/p>\n","protected":false},"author":50,"featured_media":23805,"comment_status":"closed","ping_status":"closed","sticky":false,"template":"","format":"standard","meta":{"footnotes":""},"categories":[8],"tags":[494,1189,34,1123],"class_list":["post-23804","post","type-post","status-publish","format-standard","has-post-thumbnail","hentry","category-futebol","tag-botafogo","tag-botafogo-x-brasiliense","tag-brasiliense","tag-copa-do-brasil-2023"],"_links":{"self":[{"href":"https:\/\/www.esportesbrasilia.com.br\/noticias\/wp-json\/wp\/v2\/posts\/23804","targetHints":{"allow":["GET"]}}],"collection":[{"href":"https:\/\/www.esportesbrasilia.com.br\/noticias\/wp-json\/wp\/v2\/posts"}],"about":[{"href":"https:\/\/www.esportesbrasilia.com.br\/noticias\/wp-json\/wp\/v2\/types\/post"}],"author":[{"embeddable":true,"href":"https:\/\/www.esportesbrasilia.com.br\/noticias\/wp-json\/wp\/v2\/users\/50"}],"replies":[{"embeddable":true,"href":"https:\/\/www.esportesbrasilia.com.br\/noticias\/wp-json\/wp\/v2\/comments?post=23804"}],"version-history":[{"count":3,"href":"https:\/\/www.esportesbrasilia.com.br\/noticias\/wp-json\/wp\/v2\/posts\/23804\/revisions"}],"predecessor-version":[{"id":23854,"href":"https:\/\/www.esportesbrasilia.com.br\/noticias\/wp-json\/wp\/v2\/posts\/23804\/revisions\/23854"}],"wp:featuredmedia":[{"embeddable":true,"href":"https:\/\/www.esportesbrasilia.com.br\/noticias\/wp-json\/wp\/v2\/media\/23805"}],"wp:attachment":[{"href":"https:\/\/www.esportesbrasilia.com.br\/noticias\/wp-json\/wp\/v2\/media?parent=23804"}],"wp:term":[{"taxonomy":"category","embeddable":true,"href":"https:\/\/www.esportesbrasilia.com.br\/noticias\/wp-json\/wp\/v2\/categories?post=23804"},{"taxonomy":"post_tag","embeddable":true,"href":"https:\/\/www.esportesbrasilia.com.br\/noticias\/wp-json\/wp\/v2\/tags?post=23804"}],"curies":[{"name":"wp","href":"https:\/\/api.w.org\/{rel}","templated":true}]}}