{"id":23765,"date":"2023-03-14T11:00:37","date_gmt":"2023-03-14T14:00:37","guid":{"rendered":"https:\/\/www.esportesbrasilia.com.br\/noticias\/?p=23765"},"modified":"2023-03-14T11:31:47","modified_gmt":"2023-03-14T14:31:47","slug":"brasiliense-traz-jogadores-do-samambaia-para-a-copa-do-brasil","status":"publish","type":"post","link":"https:\/\/www.esportesbrasilia.com.br\/noticias\/futebol\/brasiliense-traz-jogadores-do-samambaia-para-a-copa-do-brasil.html","title":{"rendered":"Brasiliense traz jogadores do Samambaia para a Copa do Brasil"},"content":{"rendered":"\n<p>O Brasiliense tem um grande desafio pela frente nesta quarta-feira (15): enfrentar o Botafogo, pela segunda fase da Copa do Brasil, em Cariacica\/ES. A partida acontece \u00e0s 20h, com transmiss\u00e3o da <strong>Esportes Bras\u00edlia<\/strong>.<\/p>\n\n\n\n<p>E o Jacar\u00e9 nem precisou ir muito longe para trazer refor\u00e7os para esse importante confronto e para a Copa Verde, competi\u00e7\u00f5es nacionais que disputa nesse ano, al\u00e9m do Brasileir\u00e3o S\u00e9rie D. A equipe atravessou a rodovia DF-457 e foi at\u00e9 Samambaia, para trazer cinco jogadores.<\/p>\n\n\n\n<p>Vieram para o Brasiliense o lateral direito Dharllyson, o volante Wallace, o meia Gustavo Lila (que levou o &#8216;Calango Of The Match&#8217; do jogo entre Gama e Samambaia) e os atacantes Rom\u00e1rio e Matheus Barboza. Todos eles j\u00e1 est\u00e3o inscritos no Bid-E da CBF e \u00e0 disposi\u00e7\u00e3o do t\u00e9cnico Roberto Cavalo.<\/p>\n\n\n\n<figure class=\"wp-block-image size-large\"><img loading=\"lazy\" decoding=\"async\" width=\"1024\" height=\"768\" src=\"https:\/\/www.esportesbrasilia.com.br\/noticias\/wp-content\/uploads\/reuniaoposjogo_pm-1024x768.jpg\" alt=\"\" class=\"wp-image-23767\" srcset=\"https:\/\/www.esportesbrasilia.com.br\/noticias\/wp-content\/uploads\/reuniaoposjogo_pm-1024x768.jpg 1024w, https:\/\/www.esportesbrasilia.com.br\/noticias\/wp-content\/uploads\/reuniaoposjogo_pm-300x225.jpg 300w, https:\/\/www.esportesbrasilia.com.br\/noticias\/wp-content\/uploads\/reuniaoposjogo_pm-768x576.jpg 768w, https:\/\/www.esportesbrasilia.com.br\/noticias\/wp-content\/uploads\/reuniaoposjogo_pm.jpg 1040w\" sizes=\"auto, (max-width: 1024px) 100vw, 1024px\" \/><figcaption class=\"wp-element-caption\">Jogadores conversaram ap\u00f3s a vit\u00f3ria por 1&#215;0 frente ao Gama, no est\u00e1dio Ciro Machado &#8211; Foto: Reprodu\u00e7\u00e3o<\/figcaption><\/figure>\n\n\n\n<p>Com isso, os cinco jogadores est\u00e3o fora do Candang\u00e3o 2023, e s\u00f3 poder\u00e3o atuar em competi\u00e7\u00f5es nacionais durante o ano.<\/p>\n","protected":false},"excerpt":{"rendered":"<p>O Brasiliense tem um grande desafio pela frente nesta quarta-feira (15): enfrentar o Botafogo, pela segunda fase da Copa do Brasil, em Cariacica\/ES. A partida acontece \u00e0s 20h, com transmiss\u00e3o da Esportes Bras\u00edlia. E o Jacar\u00e9 nem precisou ir muito longe para trazer refor\u00e7os para esse importante confronto e para a Copa Verde, competi\u00e7\u00f5es nacionais [&hellip;]<\/p>\n","protected":false},"author":2,"featured_media":11591,"comment_status":"closed","ping_status":"closed","sticky":false,"template":"","format":"standard","meta":{"footnotes":""},"categories":[8],"tags":[34,1090,1123,397],"class_list":["post-23765","post","type-post","status-publish","format-standard","has-post-thumbnail","hentry","category-futebol","tag-brasiliense","tag-candangao-2023","tag-copa-do-brasil-2023","tag-copa-verde"],"_links":{"self":[{"href":"https:\/\/www.esportesbrasilia.com.br\/noticias\/wp-json\/wp\/v2\/posts\/23765","targetHints":{"allow":["GET"]}}],"collection":[{"href":"https:\/\/www.esportesbrasilia.com.br\/noticias\/wp-json\/wp\/v2\/posts"}],"about":[{"href":"https:\/\/www.esportesbrasilia.com.br\/noticias\/wp-json\/wp\/v2\/types\/post"}],"author":[{"embeddable":true,"href":"https:\/\/www.esportesbrasilia.com.br\/noticias\/wp-json\/wp\/v2\/users\/2"}],"replies":[{"embeddable":true,"href":"https:\/\/www.esportesbrasilia.com.br\/noticias\/wp-json\/wp\/v2\/comments?post=23765"}],"version-history":[{"count":2,"href":"https:\/\/www.esportesbrasilia.com.br\/noticias\/wp-json\/wp\/v2\/posts\/23765\/revisions"}],"predecessor-version":[{"id":23768,"href":"https:\/\/www.esportesbrasilia.com.br\/noticias\/wp-json\/wp\/v2\/posts\/23765\/revisions\/23768"}],"wp:featuredmedia":[{"embeddable":true,"href":"https:\/\/www.esportesbrasilia.com.br\/noticias\/wp-json\/wp\/v2\/media\/11591"}],"wp:attachment":[{"href":"https:\/\/www.esportesbrasilia.com.br\/noticias\/wp-json\/wp\/v2\/media?parent=23765"}],"wp:term":[{"taxonomy":"category","embeddable":true,"href":"https:\/\/www.esportesbrasilia.com.br\/noticias\/wp-json\/wp\/v2\/categories?post=23765"},{"taxonomy":"post_tag","embeddable":true,"href":"https:\/\/www.esportesbrasilia.com.br\/noticias\/wp-json\/wp\/v2\/tags?post=23765"}],"curies":[{"name":"wp","href":"https:\/\/api.w.org\/{rel}","templated":true}]}}