{"id":2376,"date":"2016-07-11T10:12:55","date_gmt":"2016-07-11T13:12:55","guid":{"rendered":"http:\/\/www.esportesbrasilia.com.br\/noticias\/?p=2376"},"modified":"2016-07-12T00:15:32","modified_gmt":"2016-07-12T03:15:32","slug":"gols-ceilandia-3x0-aparecidense","status":"publish","type":"post","link":"https:\/\/www.esportesbrasilia.com.br\/noticias\/ebplay\/gols-ceilandia-3x0-aparecidense.html","title":{"rendered":"Gols &#8211; Ceil\u00e2ndia 3&#215;0 Aparecidense"},"content":{"rendered":"<p>Confira os\u00a0gols\u00a0da vit\u00f3ria do Ceil\u00e2ndia sobre a Aparecidense por 3&#215;0\u00a0no \u00faltimo s\u00e1bado (09).<\/p>\n<p>Narra\u00e7\u00e3o:\u00a0Rener Lopes<\/p>\n<audio class=\"wp-audio-shortcode\" id=\"audio-2376-1\" preload=\"none\" style=\"width: 100%;\" controls=\"controls\"><source type=\"audio\/mpeg\" src=\"https:\/\/www.esportesbrasilia.com.br\/noticias\/wp-content\/uploads\/Ceilandia-1-0-Aparecidense.mp3?_=1\" \/><a href=\"https:\/\/www.esportesbrasilia.com.br\/noticias\/wp-content\/uploads\/Ceilandia-1-0-Aparecidense.mp3\">https:\/\/www.esportesbrasilia.com.br\/noticias\/wp-content\/uploads\/Ceilandia-1-0-Aparecidense.mp3<\/a><\/audio>\n<p><strong>Gol do Ceil\u00e2ndia<\/strong> &#8211; Gilvan aos 45min\/1T<\/p>\n<audio class=\"wp-audio-shortcode\" id=\"audio-2376-2\" preload=\"none\" style=\"width: 100%;\" controls=\"controls\"><source type=\"audio\/mpeg\" src=\"https:\/\/www.esportesbrasilia.com.br\/noticias\/wp-content\/uploads\/Ceilandia-2-0-Aparecidense.mp3?_=2\" \/><a href=\"https:\/\/www.esportesbrasilia.com.br\/noticias\/wp-content\/uploads\/Ceilandia-2-0-Aparecidense.mp3\">https:\/\/www.esportesbrasilia.com.br\/noticias\/wp-content\/uploads\/Ceilandia-2-0-Aparecidense.mp3<\/a><\/audio>\n<p><strong>Gol do Ceil\u00e2ndia<\/strong> &#8211; Badhiuga aos 07min\/2T<\/p>\n<audio class=\"wp-audio-shortcode\" id=\"audio-2376-3\" preload=\"none\" style=\"width: 100%;\" controls=\"controls\"><source type=\"audio\/mpeg\" src=\"https:\/\/www.esportesbrasilia.com.br\/noticias\/wp-content\/uploads\/Ceilandia-3-0-Aparecidense.mp3?_=3\" \/><a href=\"https:\/\/www.esportesbrasilia.com.br\/noticias\/wp-content\/uploads\/Ceilandia-3-0-Aparecidense.mp3\">https:\/\/www.esportesbrasilia.com.br\/noticias\/wp-content\/uploads\/Ceilandia-3-0-Aparecidense.mp3<\/a><\/audio>\n<p><strong>Gol do Ceil\u00e2ndia<\/strong> &#8211; Willian aos 14min\/2T<\/p>\n<p><a href=\"http:\/\/www.youtube.com\/watch?v=5Rw0911hw4Y\">http:\/\/www.youtube.com\/watch?v=5Rw0911hw4Y<\/a><\/p>\n","protected":false},"excerpt":{"rendered":"<p>Confira os\u00a0gols\u00a0da vit\u00f3ria do Ceil\u00e2ndia sobre a Aparecidense por 3&#215;0\u00a0no \u00faltimo s\u00e1bado (09). Narra\u00e7\u00e3o:\u00a0Rener Lopes Gol do Ceil\u00e2ndia &#8211; Gilvan aos 45min\/1T Gol do Ceil\u00e2ndia &#8211; Badhiuga aos 07min\/2T Gol do Ceil\u00e2ndia &#8211; Willian aos 14min\/2T<\/p>\n","protected":false},"author":1,"featured_media":646,"comment_status":"open","ping_status":"closed","sticky":false,"template":"","format":"standard","meta":{"footnotes":""},"categories":[24],"tags":[],"class_list":["post-2376","post","type-post","status-publish","format-standard","has-post-thumbnail","hentry","category-ebplay"],"_links":{"self":[{"href":"https:\/\/www.esportesbrasilia.com.br\/noticias\/wp-json\/wp\/v2\/posts\/2376","targetHints":{"allow":["GET"]}}],"collection":[{"href":"https:\/\/www.esportesbrasilia.com.br\/noticias\/wp-json\/wp\/v2\/posts"}],"about":[{"href":"https:\/\/www.esportesbrasilia.com.br\/noticias\/wp-json\/wp\/v2\/types\/post"}],"author":[{"embeddable":true,"href":"https:\/\/www.esportesbrasilia.com.br\/noticias\/wp-json\/wp\/v2\/users\/1"}],"replies":[{"embeddable":true,"href":"https:\/\/www.esportesbrasilia.com.br\/noticias\/wp-json\/wp\/v2\/comments?post=2376"}],"version-history":[{"count":1,"href":"https:\/\/www.esportesbrasilia.com.br\/noticias\/wp-json\/wp\/v2\/posts\/2376\/revisions"}],"predecessor-version":[{"id":2377,"href":"https:\/\/www.esportesbrasilia.com.br\/noticias\/wp-json\/wp\/v2\/posts\/2376\/revisions\/2377"}],"wp:featuredmedia":[{"embeddable":true,"href":"https:\/\/www.esportesbrasilia.com.br\/noticias\/wp-json\/wp\/v2\/media\/646"}],"wp:attachment":[{"href":"https:\/\/www.esportesbrasilia.com.br\/noticias\/wp-json\/wp\/v2\/media?parent=2376"}],"wp:term":[{"taxonomy":"category","embeddable":true,"href":"https:\/\/www.esportesbrasilia.com.br\/noticias\/wp-json\/wp\/v2\/categories?post=2376"},{"taxonomy":"post_tag","embeddable":true,"href":"https:\/\/www.esportesbrasilia.com.br\/noticias\/wp-json\/wp\/v2\/tags?post=2376"}],"curies":[{"name":"wp","href":"https:\/\/api.w.org\/{rel}","templated":true}]}}