{"id":2374,"date":"2016-07-11T10:01:20","date_gmt":"2016-07-11T13:01:20","guid":{"rendered":"http:\/\/www.esportesbrasilia.com.br\/noticias\/?p=2374"},"modified":"2016-07-12T00:05:52","modified_gmt":"2016-07-12T03:05:52","slug":"gol-anapolis-1x0-luziania","status":"publish","type":"post","link":"https:\/\/www.esportesbrasilia.com.br\/noticias\/ebplay\/gol-anapolis-1x0-luziania.html","title":{"rendered":"Gol &#8211; An\u00e1polis 1&#215;0 Luzi\u00e2nia"},"content":{"rendered":"<p>Confira o\u00a0gol\u00a0da vit\u00f3ria do An\u00e1polis sobre o Luzi\u00e2nia por 1&#215;0\u00a0no \u00faltimo domingo (10).<\/p>\n<p>Narra\u00e7\u00e3o:\u00a0Rener Lopes<\/p>\n<p><audio class=\"wp-audio-shortcode\" id=\"audio-2374-1\" preload=\"none\" style=\"width: 100%;\" controls=\"controls\"><source type=\"audio\/mpeg\" src=\"https:\/\/www.esportesbrasilia.com.br\/noticias\/wp-content\/uploads\/Anapolis-1-0-Luziania.mp3?_=1\" \/><a href=\"https:\/\/www.esportesbrasilia.com.br\/noticias\/wp-content\/uploads\/Anapolis-1-0-Luziania.mp3\">https:\/\/www.esportesbrasilia.com.br\/noticias\/wp-content\/uploads\/Anapolis-1-0-Luziania.mp3<\/a><\/audio><br \/>\n<strong>Gol do An\u00e1polis<\/strong> &#8211; J\u00e2nio aos 36min\/2T<\/p>\n<p><a href=\"http:\/\/www.youtube.com\/watch?v=9FquugPyYG0\">http:\/\/www.youtube.com\/watch?v=9FquugPyYG0<\/a><\/p>\n","protected":false},"excerpt":{"rendered":"<p>Confira o\u00a0gol\u00a0da vit\u00f3ria do An\u00e1polis sobre o Luzi\u00e2nia por 1&#215;0\u00a0no \u00faltimo domingo (10). Narra\u00e7\u00e3o:\u00a0Rener Lopes Gol do An\u00e1polis &#8211; J\u00e2nio aos 36min\/2T<\/p>\n","protected":false},"author":1,"featured_media":646,"comment_status":"open","ping_status":"closed","sticky":false,"template":"","format":"standard","meta":{"footnotes":""},"categories":[24],"tags":[],"class_list":["post-2374","post","type-post","status-publish","format-standard","has-post-thumbnail","hentry","category-ebplay"],"_links":{"self":[{"href":"https:\/\/www.esportesbrasilia.com.br\/noticias\/wp-json\/wp\/v2\/posts\/2374","targetHints":{"allow":["GET"]}}],"collection":[{"href":"https:\/\/www.esportesbrasilia.com.br\/noticias\/wp-json\/wp\/v2\/posts"}],"about":[{"href":"https:\/\/www.esportesbrasilia.com.br\/noticias\/wp-json\/wp\/v2\/types\/post"}],"author":[{"embeddable":true,"href":"https:\/\/www.esportesbrasilia.com.br\/noticias\/wp-json\/wp\/v2\/users\/1"}],"replies":[{"embeddable":true,"href":"https:\/\/www.esportesbrasilia.com.br\/noticias\/wp-json\/wp\/v2\/comments?post=2374"}],"version-history":[{"count":1,"href":"https:\/\/www.esportesbrasilia.com.br\/noticias\/wp-json\/wp\/v2\/posts\/2374\/revisions"}],"predecessor-version":[{"id":2375,"href":"https:\/\/www.esportesbrasilia.com.br\/noticias\/wp-json\/wp\/v2\/posts\/2374\/revisions\/2375"}],"wp:featuredmedia":[{"embeddable":true,"href":"https:\/\/www.esportesbrasilia.com.br\/noticias\/wp-json\/wp\/v2\/media\/646"}],"wp:attachment":[{"href":"https:\/\/www.esportesbrasilia.com.br\/noticias\/wp-json\/wp\/v2\/media?parent=2374"}],"wp:term":[{"taxonomy":"category","embeddable":true,"href":"https:\/\/www.esportesbrasilia.com.br\/noticias\/wp-json\/wp\/v2\/categories?post=2374"},{"taxonomy":"post_tag","embeddable":true,"href":"https:\/\/www.esportesbrasilia.com.br\/noticias\/wp-json\/wp\/v2\/tags?post=2374"}],"curies":[{"name":"wp","href":"https:\/\/api.w.org\/{rel}","templated":true}]}}